{"id":60741,"date":"2016-02-08T08:06:51","date_gmt":"2016-02-08T06:06:51","guid":{"rendered":"http:\/\/www.sana.sy\/tr\/?p=60741"},"modified":"2016-02-08T13:16:33","modified_gmt":"2016-02-08T11:16:33","slug":"cevre-perspektifi-yerel-ve-ulusal-politikalar-ile-sekillenmelidir","status":"publish","type":"post","link":"https:\/\/archive.sana.sy\/tr\/?p=60741","title":{"rendered":"\u00c7evre Perspektifi Yerel ve Ulusal Politikalar \u0130le \u015eekillenmelidir"},"content":{"rendered":"<p>\u015eAM \u2013 Faaliyetleri d\u00fcn sona eren D\u00fcnya \u00c7evre Haftas\u0131 kat\u0131l\u0131mc\u0131lar\u0131 \u00e7evre perspektifinin yerel ve ulusal politikalar arac\u0131l\u0131\u011f\u0131yla \u015fekillenmesi gerekti\u011fini ifade ettiler.<\/p>\n<p>\u00c7evreyi Koruma Yasalar\u0131n\u0131n uygulanmas\u0131n\u0131n \u00f6nemine dikkat \u00e7eken kat\u0131l\u0131mc\u0131lar ye\u015fil alanlar\u0131n geni\u015fletilmesinin ve sanayi \u00fcretiminde \u00e7evrenin korunmas\u0131 ile ilgili \u00f6nlemlerin al\u0131nmas\u0131n\u0131n b\u00fct\u00fcn insanl\u0131k i\u00e7in hayati bir \u00f6nem ta\u015f\u0131d\u0131\u011f\u0131n\u0131 belirttiler.<\/p>\n<p>Kat\u0131l\u0131mc\u0131lar su kaynaklar\u0131 ile ilgili b\u00fct\u00fcnl\u00fckl\u00fc ulusal \u00e7evre idaresi program\u0131 haz\u0131rlanmas\u0131, kanalizasyon ile ilgili sorunlar\u0131n \u00e7\u00f6z\u00fclmesi, bilimsel ara\u015ft\u0131rmalar\u0131n desteklenmesi, kurakl\u0131k ve \u00e7evre kirlili\u011fi ile m\u00fccadelenin yo\u011funla\u015ft\u0131r\u0131lmas\u0131 taleplerinde bulundular.<\/p>\n<p>F.B.<\/p>\n","protected":false},"excerpt":{"rendered":"<p>\u015eAM \u2013 Faaliyetleri d\u00fcn sona eren D\u00fcnya \u00c7evre Haftas\u0131 kat\u0131l\u0131mc\u0131lar\u0131 \u00e7evre perspektifinin yerel ve ulusal politikalar arac\u0131l\u0131\u011f\u0131yla \u015fekillenmesi gerekti\u011fini ifade ettiler. \u00c7evreyi Koruma Yasalar\u0131n\u0131n uygulanmas\u0131n\u0131n \u00f6nemine dikkat \u00e7eken kat\u0131l\u0131mc\u0131lar ye\u015fil alanlar\u0131n geni\u015fletilmesinin ve sanayi \u00fcretiminde \u00e7evrenin korunmas\u0131 ile ilgili \u00f6nlemlerin al\u0131nmas\u0131n\u0131n b\u00fct\u00fcn insanl\u0131k i\u00e7in hayati bir \u00f6nem ta\u015f\u0131d\u0131\u011f\u0131n\u0131 belirttiler. Kat\u0131l\u0131mc\u0131lar su kaynaklar\u0131 ile ilgili b\u00fct\u00fcnl\u00fckl\u00fc &hellip;<\/p>\n","protected":false},"author":1,"featured_media":60745,"comment_status":"closed","ping_status":"closed","sticky":false,"template":"","format":"standard","meta":{"footnotes":""},"categories":[479,17988,478],"tags":[19080,19079],"class_list":["post-60741","post","type-post","status-publish","format-standard","has-post-thumbnail","","category-haberler-yerel","category-son-haberler","category-yerel","tag-cevreyi-koruma-yasalari","tag-dunya-cevre-haftasi"],"_links":{"self":[{"href":"https:\/\/archive.sana.sy\/tr\/index.php?rest_route=\/wp\/v2\/posts\/60741","targetHints":{"allow":["GET"]}}],"collection":[{"href":"https:\/\/archive.sana.sy\/tr\/index.php?rest_route=\/wp\/v2\/posts"}],"about":[{"href":"https:\/\/archive.sana.sy\/tr\/index.php?rest_route=\/wp\/v2\/types\/post"}],"author":[{"embeddable":true,"href":"https:\/\/archive.sana.sy\/tr\/index.php?rest_route=\/wp\/v2\/users\/1"}],"replies":[{"embeddable":true,"href":"https:\/\/archive.sana.sy\/tr\/index.php?rest_route=%2Fwp%2Fv2%2Fcomments&post=60741"}],"version-history":[{"count":0,"href":"https:\/\/archive.sana.sy\/tr\/index.php?rest_route=\/wp\/v2\/posts\/60741\/revisions"}],"wp:featuredmedia":[{"embeddable":true,"href":"https:\/\/archive.sana.sy\/tr\/index.php?rest_route=\/wp\/v2\/media\/60745"}],"wp:attachment":[{"href":"https:\/\/archive.sana.sy\/tr\/index.php?rest_route=%2Fwp%2Fv2%2Fmedia&parent=60741"}],"wp:term":[{"taxonomy":"category","embeddable":true,"href":"https:\/\/archive.sana.sy\/tr\/index.php?rest_route=%2Fwp%2Fv2%2Fcategories&post=60741"},{"taxonomy":"post_tag","embeddable":true,"href":"https:\/\/archive.sana.sy\/tr\/index.php?rest_route=%2Fwp%2Fv2%2Ftags&post=60741"}],"curies":[{"name":"wp","href":"https:\/\/api.w.org\/{rel}","templated":true}]}}