{"id":60774,"date":"2016-02-08T13:21:39","date_gmt":"2016-02-08T11:21:39","guid":{"rendered":"http:\/\/www.sana.sy\/tr\/?p=60774"},"modified":"2016-02-08T14:48:18","modified_gmt":"2016-02-08T12:48:18","slug":"sam-ve-kirsalinin-yani-sira-kunaytra-ve-dera-illerinden-kanun-kacagi-57-kisi-kanuni-durumlarinin-yeniden-duzenlenmesi-ve-normal-yasamlarina-donme-arzusuyla-guvenlik-kurumlarina-teslim-oldular","status":"publish","type":"post","link":"https:\/\/archive.sana.sy\/tr\/?p=60774","title":{"rendered":"\u015eam ve k\u0131rsal\u0131n\u0131n yan\u0131 s\u0131ra Kunaytra ve Dera illerinden kanun ka\u00e7a\u011f\u0131 57 ki\u015fi kanuni durumlar\u0131n\u0131n yeniden d\u00fczenlenmesi ve normal ya\u015famlar\u0131na d\u00f6nme arzusuyla g\u00fcvenlik kurumlar\u0131na teslim oldular"},"content":{"rendered":"<p>\u015eam ve k\u0131rsal\u0131n\u0131n yan\u0131 s\u0131ra Kunaytra ve Dera illerinden kanun ka\u00e7a\u011f\u0131 57 ki\u015fi kanuni durumlar\u0131n\u0131n yeniden d\u00fczenlenmesi ve normal ya\u015famlar\u0131na d\u00f6nme arzusuyla g\u00fcvenlik kurumlar\u0131na teslim oldular<\/p>\n","protected":false},"excerpt":{"rendered":"<p>\u015eam ve k\u0131rsal\u0131n\u0131n yan\u0131 s\u0131ra Kunaytra ve Dera illerinden kanun ka\u00e7a\u011f\u0131 57 ki\u015fi kanuni durumlar\u0131n\u0131n yeniden d\u00fczenlenmesi ve normal ya\u015famlar\u0131na d\u00f6nme arzusuyla g\u00fcvenlik kurumlar\u0131na teslim oldular<\/p>\n","protected":false},"author":1,"featured_media":0,"comment_status":"closed","ping_status":"closed","sticky":false,"template":"","format":"standard","meta":{"footnotes":""},"categories":[17991],"tags":[],"class_list":["post-60774","post","type-post","status-publish","format-standard","","category-son-dakika"],"_links":{"self":[{"href":"https:\/\/archive.sana.sy\/tr\/index.php?rest_route=\/wp\/v2\/posts\/60774","targetHints":{"allow":["GET"]}}],"collection":[{"href":"https:\/\/archive.sana.sy\/tr\/index.php?rest_route=\/wp\/v2\/posts"}],"about":[{"href":"https:\/\/archive.sana.sy\/tr\/index.php?rest_route=\/wp\/v2\/types\/post"}],"author":[{"embeddable":true,"href":"https:\/\/archive.sana.sy\/tr\/index.php?rest_route=\/wp\/v2\/users\/1"}],"replies":[{"embeddable":true,"href":"https:\/\/archive.sana.sy\/tr\/index.php?rest_route=%2Fwp%2Fv2%2Fcomments&post=60774"}],"version-history":[{"count":0,"href":"https:\/\/archive.sana.sy\/tr\/index.php?rest_route=\/wp\/v2\/posts\/60774\/revisions"}],"wp:attachment":[{"href":"https:\/\/archive.sana.sy\/tr\/index.php?rest_route=%2Fwp%2Fv2%2Fmedia&parent=60774"}],"wp:term":[{"taxonomy":"category","embeddable":true,"href":"https:\/\/archive.sana.sy\/tr\/index.php?rest_route=%2Fwp%2Fv2%2Fcategories&post=60774"},{"taxonomy":"post_tag","embeddable":true,"href":"https:\/\/archive.sana.sy\/tr\/index.php?rest_route=%2Fwp%2Fv2%2Ftags&post=60774"}],"curies":[{"name":"wp","href":"https:\/\/api.w.org\/{rel}","templated":true}]}}