{"id":60782,"date":"2016-02-08T14:45:10","date_gmt":"2016-02-08T12:45:10","guid":{"rendered":"http:\/\/www.sana.sy\/tr\/?p=60782"},"modified":"2016-02-08T14:45:39","modified_gmt":"2016-02-08T12:45:39","slug":"krizin-son-bulmasi-terore-karsi-zaferle-temsil-oluyor","status":"publish","type":"post","link":"https:\/\/archive.sana.sy\/tr\/?p=60782","title":{"rendered":"Krizin Son Bulmas\u0131 Ter\u00f6re Kar\u015f\u0131 Zaferle Temsil Oluyor"},"content":{"rendered":"<p>TAHRAN &#8211; \u0130ran D\u0131\u015fi\u015fleri Bakanl\u0131\u011f\u0131 resmi s\u00f6zc\u00fcs\u00fc H\u00fcseyin Cabiri Ansari Suriye&#8217;deki krizin son bulmas\u0131n\u0131n, ter\u00f6re kar\u015f\u0131 zaferin sa\u011flanmas\u0131 ve Suriyeliler aras\u0131nda herhangi bir d\u0131\u015f m\u00fcdahale olmadan siyasi s\u00fcrecin devam etmesiyle temsil oldu\u011funu bir kez daha yineledi.<\/p>\n<p>Haftal\u0131k bas\u0131n toplant\u0131s\u0131nda yapt\u0131\u011f\u0131 bas\u0131n a\u00e7\u0131klamalar\u0131nda Cabiri Ansari Suriye&#8217;deki krize yap\u0131lan b\u00f6lgesel ve evrensel m\u00fcdahalelerin, bu krizin \u00e7\u00f6z\u00fcm\u00fcn\u00fc daha karma\u015f\u0131k hale getirerek b\u00f6lgenin g\u00fcvenlik ve istikrar\u0131na tehdit edecek hale getirdiklerini ifade etti. Bir k\u0131s\u0131m devletlerin kendi ajandalar\u0131n\u0131 Suriye&#8217;ye dayatmaya \u00e7al\u0131\u015ft\u0131\u011f\u0131n\u0131 belirten Cabiri Ansari bu devletlerin Cenevre&#8217;de BM g\u00f6zetimi alt\u0131nda Suriyeliler aras\u0131nda yap\u0131lacak diyalog g\u00f6r\u00fc\u015fmelerine de kendi ko\u015fullar\u0131n\u0131 dayatmaya \u00e7al\u0131\u015ft\u0131klar\u0131n\u0131 s\u00f6yledi.<\/p>\n<p>Cabiri Ansari Suriye&#8217;ye yabanc\u0131 askeri g\u00fc\u00e7 g\u00f6nderilmesi konusunda ise; bu y\u00f6nde at\u0131lacak herhangi bir ad\u0131m\u0131n \u00e7\u00f6z\u00fcm\u00fc daha \u00e7ok engelleyece\u011fini ve durumlar\u0131 daha karma\u015f\u0131k k\u0131laca\u011f\u0131n\u0131 ifade etti.<\/p>\n","protected":false},"excerpt":{"rendered":"<p>TAHRAN &#8211; \u0130ran D\u0131\u015fi\u015fleri Bakanl\u0131\u011f\u0131 resmi s\u00f6zc\u00fcs\u00fc H\u00fcseyin Cabiri Ansari Suriye&#8217;deki krizin son bulmas\u0131n\u0131n, ter\u00f6re kar\u015f\u0131 zaferin sa\u011flanmas\u0131 ve Suriyeliler aras\u0131nda herhangi bir d\u0131\u015f m\u00fcdahale olmadan siyasi s\u00fcrecin devam etmesiyle temsil oldu\u011funu bir kez daha yineledi. Haftal\u0131k bas\u0131n toplant\u0131s\u0131nda yapt\u0131\u011f\u0131 bas\u0131n a\u00e7\u0131klamalar\u0131nda Cabiri Ansari Suriye&#8217;deki krize yap\u0131lan b\u00f6lgesel ve evrensel m\u00fcdahalelerin, bu krizin \u00e7\u00f6z\u00fcm\u00fcn\u00fc daha &hellip;<\/p>\n","protected":false},"author":1,"featured_media":60784,"comment_status":"closed","ping_status":"closed","sticky":false,"template":"","format":"standard","meta":{"footnotes":""},"categories":[458,459,17988],"tags":[19094,17044],"class_list":["post-60782","post","type-post","status-publish","format-standard","has-post-thumbnail","","category-dunya1","category-haberler-arap-uluslararasi-politika","category-son-haberler","tag-huseyin-cabiri-ansari","tag-iran-disisleri-bakanligi"],"_links":{"self":[{"href":"https:\/\/archive.sana.sy\/tr\/index.php?rest_route=\/wp\/v2\/posts\/60782","targetHints":{"allow":["GET"]}}],"collection":[{"href":"https:\/\/archive.sana.sy\/tr\/index.php?rest_route=\/wp\/v2\/posts"}],"about":[{"href":"https:\/\/archive.sana.sy\/tr\/index.php?rest_route=\/wp\/v2\/types\/post"}],"author":[{"embeddable":true,"href":"https:\/\/archive.sana.sy\/tr\/index.php?rest_route=\/wp\/v2\/users\/1"}],"replies":[{"embeddable":true,"href":"https:\/\/archive.sana.sy\/tr\/index.php?rest_route=%2Fwp%2Fv2%2Fcomments&post=60782"}],"version-history":[{"count":0,"href":"https:\/\/archive.sana.sy\/tr\/index.php?rest_route=\/wp\/v2\/posts\/60782\/revisions"}],"wp:featuredmedia":[{"embeddable":true,"href":"https:\/\/archive.sana.sy\/tr\/index.php?rest_route=\/wp\/v2\/media\/60784"}],"wp:attachment":[{"href":"https:\/\/archive.sana.sy\/tr\/index.php?rest_route=%2Fwp%2Fv2%2Fmedia&parent=60782"}],"wp:term":[{"taxonomy":"category","embeddable":true,"href":"https:\/\/archive.sana.sy\/tr\/index.php?rest_route=%2Fwp%2Fv2%2Fcategories&post=60782"},{"taxonomy":"post_tag","embeddable":true,"href":"https:\/\/archive.sana.sy\/tr\/index.php?rest_route=%2Fwp%2Fv2%2Ftags&post=60782"}],"curies":[{"name":"wp","href":"https:\/\/api.w.org\/{rel}","templated":true}]}}