{"id":60790,"date":"2016-02-08T15:14:49","date_gmt":"2016-02-08T13:14:49","guid":{"rendered":"http:\/\/www.sana.sy\/tr\/?p=60790"},"modified":"2016-02-12T17:11:36","modified_gmt":"2016-02-12T15:11:36","slug":"ankara-bu-tirmandirmalarinin-sonucsuz-kalmayacagini-irdelemesi-gerekiyor","status":"publish","type":"post","link":"https:\/\/archive.sana.sy\/tr\/?p=60790","title":{"rendered":"Ankara, Bu T\u0131rmand\u0131rmalar\u0131n\u0131n Cevaps\u0131z Kalmayaca\u011f\u0131n\u0131 \u0130drak Etmesi Gerekiyor"},"content":{"rendered":"<p>MOSKOVA \u2013 T\u00fcrkiye&#8217;de ter\u00f6r destek\u00e7isi ihvanc\u0131 Recep Tayip Erdo\u011fan rejiminin b\u00f6lge ve halklar\u0131n\u0131 tehdit eden politikalar\u0131n\u0131n bir sonucu olarak Rus Duma Meclisi \u00fcyelerinden Sergey Abukhov ve Valery Rashkin 16 Mart 1921 tarihinde T\u00fcrkiye ve Rusya aras\u0131nda imzalanan Dostluk ve Karde\u015flik Anla\u015fmas\u0131n\u0131n feshedilmesiyle birlikte iki \u00fclke aras\u0131ndaki t\u00fcm anla\u015fmalar\u0131n kanuni a\u00e7\u0131dan g\u00f6zden ge\u00e7irilmesini talep ettiler.<\/p>\n<p>Rus Tass Haber Ajans\u0131n\u0131n aktard\u0131\u011f\u0131 bas\u0131n a\u00e7\u0131klamalar\u0131nda Abukhov; iki \u00fclke aras\u0131ndaki t\u00fcm anla\u015fmalar\u0131n kanuni a\u00e7\u0131dan yeniden de\u011ferlendirilmeleri ve gerek Rusya gerekse m\u00fcttefiklerinin istemedikleri t\u00fcm anla\u015fmalar\u0131n feshedilmesi gerekti\u011fini s\u00f6yledi. Abukhov Ankara\u2019n\u0131n, Rusya ile ili\u015fkilerindeki gerginli\u011fi t\u0131rmand\u0131rmas\u0131n\u0131n cevaps\u0131z\u00a0kalmayaca\u011f\u0131n\u0131 idrak etmesi\u00a0gerekti\u011fini vurgulad\u0131.<\/p>\n<p>Duma Meclisindeki iki \u00fcyenin bu giri\u015fimi Adil Rusya Partisi taraf\u0131ndan yo\u011fun bir ilginin g\u00f6rd\u00fc\u011f\u00fc bildirildi.<\/p>\n","protected":false},"excerpt":{"rendered":"<p>MOSKOVA \u2013 T\u00fcrkiye&#8217;de ter\u00f6r destek\u00e7isi ihvanc\u0131 Recep Tayip Erdo\u011fan rejiminin b\u00f6lge ve halklar\u0131n\u0131 tehdit eden politikalar\u0131n\u0131n bir sonucu olarak Rus Duma Meclisi \u00fcyelerinden Sergey Abukhov ve Valery Rashkin 16 Mart 1921 tarihinde T\u00fcrkiye ve Rusya aras\u0131nda imzalanan Dostluk ve Karde\u015flik Anla\u015fmas\u0131n\u0131n feshedilmesiyle birlikte iki \u00fclke aras\u0131ndaki t\u00fcm anla\u015fmalar\u0131n kanuni a\u00e7\u0131dan g\u00f6zden ge\u00e7irilmesini talep ettiler. Rus &hellip;<\/p>\n","protected":false},"author":1,"featured_media":60795,"comment_status":"closed","ping_status":"closed","sticky":false,"template":"","format":"standard","meta":{"footnotes":""},"categories":[458,459,17988],"tags":[12159,19100,17750,19099],"class_list":["post-60790","post","type-post","status-publish","format-standard","has-post-thumbnail","","category-dunya1","category-haberler-arap-uluslararasi-politika","category-son-haberler","tag-ankara","tag-anlasma-feshi","tag-rusya-duma-meclisi","tag-rusya-turkiye-iliskileri"],"_links":{"self":[{"href":"https:\/\/archive.sana.sy\/tr\/index.php?rest_route=\/wp\/v2\/posts\/60790","targetHints":{"allow":["GET"]}}],"collection":[{"href":"https:\/\/archive.sana.sy\/tr\/index.php?rest_route=\/wp\/v2\/posts"}],"about":[{"href":"https:\/\/archive.sana.sy\/tr\/index.php?rest_route=\/wp\/v2\/types\/post"}],"author":[{"embeddable":true,"href":"https:\/\/archive.sana.sy\/tr\/index.php?rest_route=\/wp\/v2\/users\/1"}],"replies":[{"embeddable":true,"href":"https:\/\/archive.sana.sy\/tr\/index.php?rest_route=%2Fwp%2Fv2%2Fcomments&post=60790"}],"version-history":[{"count":0,"href":"https:\/\/archive.sana.sy\/tr\/index.php?rest_route=\/wp\/v2\/posts\/60790\/revisions"}],"wp:featuredmedia":[{"embeddable":true,"href":"https:\/\/archive.sana.sy\/tr\/index.php?rest_route=\/wp\/v2\/media\/60795"}],"wp:attachment":[{"href":"https:\/\/archive.sana.sy\/tr\/index.php?rest_route=%2Fwp%2Fv2%2Fmedia&parent=60790"}],"wp:term":[{"taxonomy":"category","embeddable":true,"href":"https:\/\/archive.sana.sy\/tr\/index.php?rest_route=%2Fwp%2Fv2%2Fcategories&post=60790"},{"taxonomy":"post_tag","embeddable":true,"href":"https:\/\/archive.sana.sy\/tr\/index.php?rest_route=%2Fwp%2Fv2%2Ftags&post=60790"}],"curies":[{"name":"wp","href":"https:\/\/api.w.org\/{rel}","templated":true}]}}