{"id":60797,"date":"2016-02-08T15:43:32","date_gmt":"2016-02-08T13:43:32","guid":{"rendered":"http:\/\/www.sana.sy\/tr\/?p=60797"},"modified":"2016-02-08T15:43:32","modified_gmt":"2016-02-08T13:43:32","slug":"rusya-suriyede-terore-karsi-savasiyor","status":"publish","type":"post","link":"https:\/\/archive.sana.sy\/tr\/?p=60797","title":{"rendered":"Rusya Suriye&#8217;de Ter\u00f6re Kar\u015f\u0131 Sava\u015f\u0131yor"},"content":{"rendered":"<p>MOSKOVA \u2013 Rusya Ba\u015fkanl\u0131k Saray\u0131 Kremlin\u2019in s\u00f6zc\u00fcs\u00fc Dimtry Peskov Cenevre&#8217;de Suriyeliler aras\u0131ndaki diyalog g\u00f6r\u00fc\u015fmelerine ter\u00f6r \u00f6rg\u00fctlerinin kat\u0131lmad\u0131\u011f\u0131n\u0131 ve hi\u00e7 kat\u0131lmamalar\u0131 gerekti\u011fini belirtti.<\/p>\n<p>Peskov bug\u00fcn gazetecilere yapt\u0131\u011f\u0131 ve Rus Tass Ajans\u0131n\u0131n aktard\u0131\u011f\u0131 a\u00e7\u0131klamalar\u0131nda; Rus g\u00fc\u00e7lerin Suriye ordusuna ter\u00f6re kar\u015f\u0131 sava\u015f\u0131nda destek verdi\u011fine dikkat \u00e7ekerken, Cenevre g\u00f6r\u00fc\u015fmelerinin sabote edilmesinde su\u00e7un mutlak bir \u015fekilde Rusya&#8217;ya y\u0131k\u0131lmamas\u0131 gerekti\u011fini ifade etti.<\/p>\n<p>Rusya Televizyonunun, Suriye&#8217;de I\u015e\u0130D\u2019in kontrol\u00fcndeki b\u00f6lgelerde \u00c7e\u00e7enli \u00f6zel g\u00fc\u00e7lerin bulundu\u011funa ili\u015fkin haberi konusunda bir soruya cevab\u0131nda Peskov; Rusya Savunma Bakanl\u0131\u011f\u0131n\u0131n Suriye&#8217;de ter\u00f6re kar\u015f\u0131 g\u00f6rev yapan Rus askeri birliklere ili\u015fkin ayr\u0131nt\u0131l\u0131 ve yo\u011fun bilgiler takdim etti\u011fine vurgu yapt\u0131. Peskov bu raporlar\u0131n izlenmesi \u00f6nerisinde bulundu.<\/p>\n","protected":false},"excerpt":{"rendered":"<p>MOSKOVA \u2013 Rusya Ba\u015fkanl\u0131k Saray\u0131 Kremlin\u2019in s\u00f6zc\u00fcs\u00fc Dimtry Peskov Cenevre&#8217;de Suriyeliler aras\u0131ndaki diyalog g\u00f6r\u00fc\u015fmelerine ter\u00f6r \u00f6rg\u00fctlerinin kat\u0131lmad\u0131\u011f\u0131n\u0131 ve hi\u00e7 kat\u0131lmamalar\u0131 gerekti\u011fini belirtti. Peskov bug\u00fcn gazetecilere yapt\u0131\u011f\u0131 ve Rus Tass Ajans\u0131n\u0131n aktard\u0131\u011f\u0131 a\u00e7\u0131klamalar\u0131nda; Rus g\u00fc\u00e7lerin Suriye ordusuna ter\u00f6re kar\u015f\u0131 sava\u015f\u0131nda destek verdi\u011fine dikkat \u00e7ekerken, Cenevre g\u00f6r\u00fc\u015fmelerinin sabote edilmesinde su\u00e7un mutlak bir \u015fekilde Rusya&#8217;ya y\u0131k\u0131lmamas\u0131 gerekti\u011fini ifade &hellip;<\/p>\n","protected":false},"author":1,"featured_media":50951,"comment_status":"closed","ping_status":"closed","sticky":false,"template":"","format":"standard","meta":{"footnotes":""},"categories":[458,459,17988],"tags":[19101,16667],"class_list":["post-60797","post","type-post","status-publish","format-standard","has-post-thumbnail","","category-dunya1","category-haberler-arap-uluslararasi-politika","category-son-haberler","tag-kremlinin-sozcusu-dimtry-peskov","tag-rusya-baskanlik-sarayi-kremlin"],"_links":{"self":[{"href":"https:\/\/archive.sana.sy\/tr\/index.php?rest_route=\/wp\/v2\/posts\/60797","targetHints":{"allow":["GET"]}}],"collection":[{"href":"https:\/\/archive.sana.sy\/tr\/index.php?rest_route=\/wp\/v2\/posts"}],"about":[{"href":"https:\/\/archive.sana.sy\/tr\/index.php?rest_route=\/wp\/v2\/types\/post"}],"author":[{"embeddable":true,"href":"https:\/\/archive.sana.sy\/tr\/index.php?rest_route=\/wp\/v2\/users\/1"}],"replies":[{"embeddable":true,"href":"https:\/\/archive.sana.sy\/tr\/index.php?rest_route=%2Fwp%2Fv2%2Fcomments&post=60797"}],"version-history":[{"count":0,"href":"https:\/\/archive.sana.sy\/tr\/index.php?rest_route=\/wp\/v2\/posts\/60797\/revisions"}],"wp:featuredmedia":[{"embeddable":true,"href":"https:\/\/archive.sana.sy\/tr\/index.php?rest_route=\/wp\/v2\/media\/50951"}],"wp:attachment":[{"href":"https:\/\/archive.sana.sy\/tr\/index.php?rest_route=%2Fwp%2Fv2%2Fmedia&parent=60797"}],"wp:term":[{"taxonomy":"category","embeddable":true,"href":"https:\/\/archive.sana.sy\/tr\/index.php?rest_route=%2Fwp%2Fv2%2Fcategories&post=60797"},{"taxonomy":"post_tag","embeddable":true,"href":"https:\/\/archive.sana.sy\/tr\/index.php?rest_route=%2Fwp%2Fv2%2Ftags&post=60797"}],"curies":[{"name":"wp","href":"https:\/\/api.w.org\/{rel}","templated":true}]}}