{"id":60799,"date":"2016-02-08T15:18:54","date_gmt":"2016-02-08T13:18:54","guid":{"rendered":"http:\/\/www.sana.sy\/tr\/?p=60799"},"modified":"2016-02-08T15:47:21","modified_gmt":"2016-02-08T13:47:21","slug":"rusya-disisleri-bakani-sergey-lavrov-uluslararasi-toplumun-terorle-mucadeleyi-temel-oncelikleri-olarak-belirlemesi-gerektigini-vurguladi","status":"publish","type":"post","link":"https:\/\/archive.sana.sy\/tr\/?p=60799","title":{"rendered":"Rusya D\u0131\u015fi\u015fleri bakan\u0131 Sergey Lavrov; uluslararas\u0131 toplumun ter\u00f6rle m\u00fccadeleyi temel \u00f6ncelikleri olarak belirlemesi gerekti\u011fini vurgulad\u0131"},"content":{"rendered":"<p>Rusya D\u0131\u015fi\u015fleri bakan\u0131 Sergey Lavrov; uluslararas\u0131 toplumun ter\u00f6rle m\u00fccadeleyi temel \u00f6ncelikleri olarak belirlemesi gerekti\u011fini vurgulad\u0131<\/p>\n","protected":false},"excerpt":{"rendered":"<p>Rusya D\u0131\u015fi\u015fleri bakan\u0131 Sergey Lavrov; uluslararas\u0131 toplumun ter\u00f6rle m\u00fccadeleyi temel \u00f6ncelikleri olarak belirlemesi gerekti\u011fini vurgulad\u0131<\/p>\n","protected":false},"author":1,"featured_media":0,"comment_status":"closed","ping_status":"closed","sticky":false,"template":"","format":"standard","meta":{"footnotes":""},"categories":[17991],"tags":[],"class_list":["post-60799","post","type-post","status-publish","format-standard","","category-son-dakika"],"_links":{"self":[{"href":"https:\/\/archive.sana.sy\/tr\/index.php?rest_route=\/wp\/v2\/posts\/60799","targetHints":{"allow":["GET"]}}],"collection":[{"href":"https:\/\/archive.sana.sy\/tr\/index.php?rest_route=\/wp\/v2\/posts"}],"about":[{"href":"https:\/\/archive.sana.sy\/tr\/index.php?rest_route=\/wp\/v2\/types\/post"}],"author":[{"embeddable":true,"href":"https:\/\/archive.sana.sy\/tr\/index.php?rest_route=\/wp\/v2\/users\/1"}],"replies":[{"embeddable":true,"href":"https:\/\/archive.sana.sy\/tr\/index.php?rest_route=%2Fwp%2Fv2%2Fcomments&post=60799"}],"version-history":[{"count":0,"href":"https:\/\/archive.sana.sy\/tr\/index.php?rest_route=\/wp\/v2\/posts\/60799\/revisions"}],"wp:attachment":[{"href":"https:\/\/archive.sana.sy\/tr\/index.php?rest_route=%2Fwp%2Fv2%2Fmedia&parent=60799"}],"wp:term":[{"taxonomy":"category","embeddable":true,"href":"https:\/\/archive.sana.sy\/tr\/index.php?rest_route=%2Fwp%2Fv2%2Fcategories&post=60799"},{"taxonomy":"post_tag","embeddable":true,"href":"https:\/\/archive.sana.sy\/tr\/index.php?rest_route=%2Fwp%2Fv2%2Ftags&post=60799"}],"curies":[{"name":"wp","href":"https:\/\/api.w.org\/{rel}","templated":true}]}}