{"id":60834,"date":"2016-02-08T20:06:23","date_gmt":"2016-02-08T18:06:23","guid":{"rendered":"http:\/\/www.sana.sy\/tr\/?p=60834"},"modified":"2016-02-08T20:06:23","modified_gmt":"2016-02-08T18:06:23","slug":"aksam-saatlerinde-sanaya-aciklama-yapan-askeri-bir-kaynak-homs-kirsalinin-guneydogusu-karyeteyn-mhin-yonunde-onemli-ilerlemeler-kaydeden-ordu-birliklerimizin-tar-el-huruba-9034-noktasinin","status":"publish","type":"post","link":"https:\/\/archive.sana.sy\/tr\/?p=60834","title":{"rendered":"Ak\u015fam saatlerinde SANA\u2019YA a\u00e7\u0131klama yapan askeri bir kaynak Homs k\u0131rsal\u0131n\u0131n g\u00fcneydo\u011fusu Karyeteyn Mhin y\u00f6n\u00fcnde \u00f6nemli ilerlemeler kaydeden ordu birliklerimizin; Tar el Huruba, 903,4 noktas\u0131n\u0131n g\u00fcney yama\u00e7lar\u0131na ek olarak 901 ve 902 noktalar\u0131n\u0131n bat\u0131 yama\u00e7lar\u0131n\u0131 kontrollerine ald\u0131klar\u0131n\u0131 belirtti\u200f"},"content":{"rendered":"<p>Ak\u015fam saatlerinde SANA\u2019YA a\u00e7\u0131klama yapan askeri bir kaynak Homs k\u0131rsal\u0131n\u0131n g\u00fcneydo\u011fusu Karyeteyn Mhin y\u00f6n\u00fcnde \u00f6nemli ilerlemeler kaydeden ordu birliklerimizin; Tar el Huruba, 903,4 noktas\u0131n\u0131n g\u00fcney yama\u00e7lar\u0131na ek olarak 901 ve 902 noktalar\u0131n\u0131n bat\u0131 yama\u00e7lar\u0131n\u0131 kontrollerine ald\u0131klar\u0131n\u0131 belirtti\u200f<\/p>\n","protected":false},"excerpt":{"rendered":"<p>Ak\u015fam saatlerinde SANA\u2019YA a\u00e7\u0131klama yapan askeri bir kaynak Homs k\u0131rsal\u0131n\u0131n g\u00fcneydo\u011fusu Karyeteyn Mhin y\u00f6n\u00fcnde \u00f6nemli ilerlemeler kaydeden ordu birliklerimizin; Tar el Huruba, 903,4 noktas\u0131n\u0131n g\u00fcney yama\u00e7lar\u0131na ek olarak 901 ve 902 noktalar\u0131n\u0131n bat\u0131 yama\u00e7lar\u0131n\u0131 kontrollerine ald\u0131klar\u0131n\u0131 belirtti\u200f<\/p>\n","protected":false},"author":1,"featured_media":0,"comment_status":"closed","ping_status":"closed","sticky":false,"template":"","format":"standard","meta":{"footnotes":""},"categories":[17991],"tags":[],"class_list":["post-60834","post","type-post","status-publish","format-standard","","category-son-dakika"],"_links":{"self":[{"href":"https:\/\/archive.sana.sy\/tr\/index.php?rest_route=\/wp\/v2\/posts\/60834","targetHints":{"allow":["GET"]}}],"collection":[{"href":"https:\/\/archive.sana.sy\/tr\/index.php?rest_route=\/wp\/v2\/posts"}],"about":[{"href":"https:\/\/archive.sana.sy\/tr\/index.php?rest_route=\/wp\/v2\/types\/post"}],"author":[{"embeddable":true,"href":"https:\/\/archive.sana.sy\/tr\/index.php?rest_route=\/wp\/v2\/users\/1"}],"replies":[{"embeddable":true,"href":"https:\/\/archive.sana.sy\/tr\/index.php?rest_route=%2Fwp%2Fv2%2Fcomments&post=60834"}],"version-history":[{"count":0,"href":"https:\/\/archive.sana.sy\/tr\/index.php?rest_route=\/wp\/v2\/posts\/60834\/revisions"}],"wp:attachment":[{"href":"https:\/\/archive.sana.sy\/tr\/index.php?rest_route=%2Fwp%2Fv2%2Fmedia&parent=60834"}],"wp:term":[{"taxonomy":"category","embeddable":true,"href":"https:\/\/archive.sana.sy\/tr\/index.php?rest_route=%2Fwp%2Fv2%2Fcategories&post=60834"},{"taxonomy":"post_tag","embeddable":true,"href":"https:\/\/archive.sana.sy\/tr\/index.php?rest_route=%2Fwp%2Fv2%2Ftags&post=60834"}],"curies":[{"name":"wp","href":"https:\/\/api.w.org\/{rel}","templated":true}]}}