{"id":60837,"date":"2016-02-08T20:10:43","date_gmt":"2016-02-08T18:10:43","guid":{"rendered":"http:\/\/www.sana.sy\/tr\/?p=60837"},"modified":"2016-02-08T20:10:26","modified_gmt":"2016-02-08T18:10:26","slug":"kaynak-ordu-birliklerimizin-halk-savunma-gucleriyle-isbirligi-icinde-lazkiye-kirsalinin-kuzeyinde-teroristleri-sayi-ve-techizatlariyla-buyuk-kayiplara-ugratmalari-ardindan-zahret-el-beydar-el-mahruk","status":"publish","type":"post","link":"https:\/\/archive.sana.sy\/tr\/?p=60837","title":{"rendered":"Askeri kaynak; ordu birliklerimizin Halk Savunma G\u00fc\u00e7leriyle i\u015fbirli\u011fi i\u00e7inde Lazkiye k\u0131rsal\u0131n\u0131n kuzeyinde ter\u00f6ristleri say\u0131 ve te\u00e7hizatlar\u0131yla b\u00fcy\u00fck kay\u0131plara u\u011fratmalar\u0131 ard\u0131ndan Zahret el Beydar el Mahruk, el Ketaf Araz\u0131 ve Ziyaret el Bayda\u2019n\u0131n Tepesinin yan\u0131 s\u0131ra birka\u00e7 Stratejik noktay\u0131 kontrollerine ald\u0131klar\u0131n\u0131 belirtti."},"content":{"rendered":"<p>Askeri kaynak; ordu birliklerimizin Halk Savunma G\u00fc\u00e7leriyle i\u015fbirli\u011fi i\u00e7inde Lazkiye k\u0131rsal\u0131n\u0131n kuzeyinde ter\u00f6ristleri say\u0131 ve te\u00e7hizatlar\u0131yla b\u00fcy\u00fck kay\u0131plara u\u011fratmalar\u0131 ard\u0131ndan Zahret el Beydar el Mahruk, el Ketaf Araz\u0131 ve Ziyaret el Bayda\u2019n\u0131n Tepesinin yan\u0131 s\u0131ra birka\u00e7 Stratejik noktay\u0131 kontrollerine ald\u0131klar\u0131n\u0131 belirtti.<\/p>\n","protected":false},"excerpt":{"rendered":"<p>Askeri kaynak; ordu birliklerimizin Halk Savunma G\u00fc\u00e7leriyle i\u015fbirli\u011fi i\u00e7inde Lazkiye k\u0131rsal\u0131n\u0131n kuzeyinde ter\u00f6ristleri say\u0131 ve te\u00e7hizatlar\u0131yla b\u00fcy\u00fck kay\u0131plara u\u011fratmalar\u0131 ard\u0131ndan Zahret el Beydar el Mahruk, el Ketaf Araz\u0131 ve Ziyaret el Bayda\u2019n\u0131n Tepesinin yan\u0131 s\u0131ra birka\u00e7 Stratejik noktay\u0131 kontrollerine ald\u0131klar\u0131n\u0131 belirtti.<\/p>\n","protected":false},"author":1,"featured_media":0,"comment_status":"closed","ping_status":"closed","sticky":false,"template":"","format":"standard","meta":{"footnotes":""},"categories":[17991],"tags":[],"class_list":["post-60837","post","type-post","status-publish","format-standard","","category-son-dakika"],"_links":{"self":[{"href":"https:\/\/archive.sana.sy\/tr\/index.php?rest_route=\/wp\/v2\/posts\/60837","targetHints":{"allow":["GET"]}}],"collection":[{"href":"https:\/\/archive.sana.sy\/tr\/index.php?rest_route=\/wp\/v2\/posts"}],"about":[{"href":"https:\/\/archive.sana.sy\/tr\/index.php?rest_route=\/wp\/v2\/types\/post"}],"author":[{"embeddable":true,"href":"https:\/\/archive.sana.sy\/tr\/index.php?rest_route=\/wp\/v2\/users\/1"}],"replies":[{"embeddable":true,"href":"https:\/\/archive.sana.sy\/tr\/index.php?rest_route=%2Fwp%2Fv2%2Fcomments&post=60837"}],"version-history":[{"count":0,"href":"https:\/\/archive.sana.sy\/tr\/index.php?rest_route=\/wp\/v2\/posts\/60837\/revisions"}],"wp:attachment":[{"href":"https:\/\/archive.sana.sy\/tr\/index.php?rest_route=%2Fwp%2Fv2%2Fmedia&parent=60837"}],"wp:term":[{"taxonomy":"category","embeddable":true,"href":"https:\/\/archive.sana.sy\/tr\/index.php?rest_route=%2Fwp%2Fv2%2Fcategories&post=60837"},{"taxonomy":"post_tag","embeddable":true,"href":"https:\/\/archive.sana.sy\/tr\/index.php?rest_route=%2Fwp%2Fv2%2Ftags&post=60837"}],"curies":[{"name":"wp","href":"https:\/\/api.w.org\/{rel}","templated":true}]}}