{"id":60850,"date":"2016-02-09T09:55:42","date_gmt":"2016-02-09T07:55:42","guid":{"rendered":"http:\/\/www.sana.sy\/tr\/?p=60850"},"modified":"2016-02-09T09:55:42","modified_gmt":"2016-02-09T07:55:42","slug":"kanada-irak-ve-suriyede-bulunan-savas-ucaklarini-geri-cekiyor","status":"publish","type":"post","link":"https:\/\/archive.sana.sy\/tr\/?p=60850","title":{"rendered":"Kanada Irak ve Suriye\u2019de Bulunan Sava\u015f U\u00e7aklar\u0131n\u0131 Geri \u00c7ekiyor"},"content":{"rendered":"<p>OTTAWA \u2013 Kanada h\u00fck\u00fcmeti Washington \u00f6nc\u00fcl\u00fc\u011f\u00fcnde Suriye ve Irak\u2019ta ter\u00f6re kar\u015f\u0131 m\u00fccadele etme iddias\u0131yla olu\u015fturulan koalisyon kapsam\u0131nda Suriye ve Irak\u2019ta \u201cI\u015e\u0130D\u201d ter\u00f6r \u00f6rg\u00fct\u00fcne kar\u015f\u0131 d\u00fczenlemekte oldu\u011fu hava operasyonlar\u0131na 22 \u015eubat tarihinde son verece\u011fini a\u00e7\u0131klad\u0131.<\/p>\n<p>AFP d\u00fcn yay\u0131nlad\u0131\u011f\u0131 haberde Kanada Savunma Bakan\u0131 HarjitSajjan Ba\u015fbakan JustinTrudeau ve \u00fcst d\u00fczey yetkililerle birlikte d\u00fczenledi\u011fi ortak bas\u0131n konferans\u0131nda Kanada\u2019n\u0131n, \u00f6nc\u00fcl\u00fc\u011f\u00fc Washington taraf\u0131ndan yap\u0131lan koalisyonda yer allan sava\u015f u\u00e7aklar\u0131n\u0131 geri \u00e7ekece\u011fini ifade etti\u011fini aktard\u0131.<\/p>\n<p>Bilinece\u011fi \u00fczere Washington\u2019un \u00f6nc\u00fcl\u00fc\u011f\u00fcnde kurulan Koalisyon I\u015e\u0130D ter\u00f6r \u00f6rg\u00fct\u00fcne kar\u015f\u0131 operasyonlar\u0131n\u0131 2014 y\u0131l\u0131nda ba\u015flamas\u0131na ra\u011fmen I\u015e\u0130D ter\u00f6r \u00f6rg\u00fct\u00fc g\u00fcc\u00fcn\u00fc ve yay\u0131lma h\u0131z\u0131n\u0131 hi\u00e7bir \u015fekilde etkilememi\u015fti. Buna kar\u015f\u0131l\u0131k Rusya\u2019n\u0131n Suriye Arap Ordusu ile i\u015fbirli\u011fi i\u00e7erisinde ge\u00e7ti\u011fimiz y\u0131l 30 Eyl\u00fcl tarihinde ba\u015flatt\u0131\u011f\u0131 operasyonlardan k\u0131sa bir s\u00fcre sonra I\u015e\u0130D ter\u00f6r \u00f6rg\u00fct\u00fc ciddi bir \u015fekilde g\u00fc\u00e7 kaybetmeye ba\u015flad\u0131.<\/p>\n<p>F.B. &#8211; R.H.<\/p>\n","protected":false},"excerpt":{"rendered":"<p>OTTAWA \u2013 Kanada h\u00fck\u00fcmeti Washington \u00f6nc\u00fcl\u00fc\u011f\u00fcnde Suriye ve Irak\u2019ta ter\u00f6re kar\u015f\u0131 m\u00fccadele etme iddias\u0131yla olu\u015fturulan koalisyon kapsam\u0131nda Suriye ve Irak\u2019ta \u201cI\u015e\u0130D\u201d ter\u00f6r \u00f6rg\u00fct\u00fcne kar\u015f\u0131 d\u00fczenlemekte oldu\u011fu hava operasyonlar\u0131na 22 \u015eubat tarihinde son verece\u011fini a\u00e7\u0131klad\u0131. AFP d\u00fcn yay\u0131nlad\u0131\u011f\u0131 haberde Kanada Savunma Bakan\u0131 HarjitSajjan Ba\u015fbakan JustinTrudeau ve \u00fcst d\u00fczey yetkililerle birlikte d\u00fczenledi\u011fi ortak bas\u0131n konferans\u0131nda Kanada\u2019n\u0131n, \u00f6nc\u00fcl\u00fc\u011f\u00fc &hellip;<\/p>\n","protected":false},"author":1,"featured_media":60851,"comment_status":"closed","ping_status":"closed","sticky":false,"template":"","format":"standard","meta":{"footnotes":""},"categories":[458,459,17988],"tags":[19107],"class_list":["post-60850","post","type-post","status-publish","format-standard","has-post-thumbnail","","category-dunya1","category-haberler-arap-uluslararasi-politika","category-son-haberler","tag-kanada-irak-ve-suriyede-bulunan-savas-ucaklarini-geri-cekiyor"],"_links":{"self":[{"href":"https:\/\/archive.sana.sy\/tr\/index.php?rest_route=\/wp\/v2\/posts\/60850","targetHints":{"allow":["GET"]}}],"collection":[{"href":"https:\/\/archive.sana.sy\/tr\/index.php?rest_route=\/wp\/v2\/posts"}],"about":[{"href":"https:\/\/archive.sana.sy\/tr\/index.php?rest_route=\/wp\/v2\/types\/post"}],"author":[{"embeddable":true,"href":"https:\/\/archive.sana.sy\/tr\/index.php?rest_route=\/wp\/v2\/users\/1"}],"replies":[{"embeddable":true,"href":"https:\/\/archive.sana.sy\/tr\/index.php?rest_route=%2Fwp%2Fv2%2Fcomments&post=60850"}],"version-history":[{"count":0,"href":"https:\/\/archive.sana.sy\/tr\/index.php?rest_route=\/wp\/v2\/posts\/60850\/revisions"}],"wp:featuredmedia":[{"embeddable":true,"href":"https:\/\/archive.sana.sy\/tr\/index.php?rest_route=\/wp\/v2\/media\/60851"}],"wp:attachment":[{"href":"https:\/\/archive.sana.sy\/tr\/index.php?rest_route=%2Fwp%2Fv2%2Fmedia&parent=60850"}],"wp:term":[{"taxonomy":"category","embeddable":true,"href":"https:\/\/archive.sana.sy\/tr\/index.php?rest_route=%2Fwp%2Fv2%2Fcategories&post=60850"},{"taxonomy":"post_tag","embeddable":true,"href":"https:\/\/archive.sana.sy\/tr\/index.php?rest_route=%2Fwp%2Fv2%2Ftags&post=60850"}],"curies":[{"name":"wp","href":"https:\/\/api.w.org\/{rel}","templated":true}]}}