{"id":60853,"date":"2016-02-09T12:23:34","date_gmt":"2016-02-09T10:23:34","guid":{"rendered":"http:\/\/www.sana.sy\/tr\/?p=60853"},"modified":"2016-02-09T12:23:34","modified_gmt":"2016-02-09T10:23:34","slug":"ozur-dileyecek-sorumlulari-cezalandiracak-ve-tazminat-odeyecek","status":"publish","type":"post","link":"https:\/\/archive.sana.sy\/tr\/?p=60853","title":{"rendered":"\u00d6z\u00fcr Dileyecek, Sorumlular\u0131 Cezaland\u0131racak ve Tazminat \u00d6deyecek"},"content":{"rendered":"<p>MOSKOVA \u2013 Rusya&#8217;n\u0131n Ankara B\u00fcy\u00fckel\u00e7isi Andrey Karlov Rus Novosti Ajans\u0131na bug\u00fcn yapt\u0131\u011f\u0131 a\u00e7\u0131klamada; Ankara\u2019n\u0131n 24 Kas\u0131m tarihinde Suriye&#8217;de tekfirci ter\u00f6ristlere y\u00f6nelik operasyonlar\u0131 s\u0131ras\u0131nda Rus SU-24 tipi bir sava\u015f u\u00e7a\u011f\u0131n\u0131 Suriye hava sahas\u0131nda d\u00fc\u015f\u00fcrmesi nedeniyle resmi bir \u015fekilde \u00f6z\u00fcr dilemesinden \u00f6nce Moskova\u2019n\u0131n Rusya ile T\u00fcrkiye aras\u0131nda bir zirvenin d\u00fczenlenmesi olana\u011f\u0131n\u0131 incelemeyece\u011fini belirtti.<\/p>\n<p>Karlov T\u00fcrkiye&#8217;nin bir\u00e7ok kez zirve d\u00fczeyinde bir bulu\u015fman\u0131n d\u00fczenlenmesi iste\u011fini ilan etti\u011fine dikkat \u00e7ekerken, fakat T\u00fcrkiye&#8217;nin tutumunu de\u011fi\u015ftirmedi\u011fi s\u00fcrece Rusya&#8217;n\u0131n bu gibi bir g\u00f6r\u00fc\u015fmeyi incelemekte hi\u00e7bir fayda g\u00f6rmedi\u011fini belirtti. Karlov ayr\u0131ca bu durumda t\u00fcm ileti\u015fimlerin kesilmi\u015f durumda kalabilme ihtimaline i\u015faret etti.<\/p>\n<p>T\u00fcrkiye&#8217;nin Rusya ile ili\u015fkilerini d\u00fczeltmek i\u00e7in ne yapmas\u0131 gerekti\u011fini bildi\u011fini ifade eden Karlov; Ankara\u2019n\u0131n Moskova ile ili\u015fkilerinin d\u00fczelmesi i\u00e7in Rusya&#8217;dan resmi bir \u015fekilde \u00f6z\u00fcr dilemesi, Rus u\u00e7a\u011f\u0131n d\u00fc\u015f\u00fcr\u00fclmesinden sorumlular\u0131n cezaland\u0131r\u0131lmas\u0131 ve tazminat \u00f6demesi gerekti\u011finin alt\u0131n\u0131 \u00e7izdi. Karlov ikili ili\u015fkilerin d\u00fczeltilmesi i\u00e7in hi\u00e7bir arac\u0131ya gerek olmad\u0131\u011f\u0131n\u0131, T\u00fcrkiye&#8217;nin ne yapmas\u0131 gerekti\u011fini bildi\u011fini s\u00f6zlerine ekledi.<\/p>\n<p>R.H.<\/p>\n","protected":false},"excerpt":{"rendered":"<p>MOSKOVA \u2013 Rusya&#8217;n\u0131n Ankara B\u00fcy\u00fckel\u00e7isi Andrey Karlov Rus Novosti Ajans\u0131na bug\u00fcn yapt\u0131\u011f\u0131 a\u00e7\u0131klamada; Ankara\u2019n\u0131n 24 Kas\u0131m tarihinde Suriye&#8217;de tekfirci ter\u00f6ristlere y\u00f6nelik operasyonlar\u0131 s\u0131ras\u0131nda Rus SU-24 tipi bir sava\u015f u\u00e7a\u011f\u0131n\u0131 Suriye hava sahas\u0131nda d\u00fc\u015f\u00fcrmesi nedeniyle resmi bir \u015fekilde \u00f6z\u00fcr dilemesinden \u00f6nce Moskova\u2019n\u0131n Rusya ile T\u00fcrkiye aras\u0131nda bir zirvenin d\u00fczenlenmesi olana\u011f\u0131n\u0131 incelemeyece\u011fini belirtti. Karlov T\u00fcrkiye&#8217;nin bir\u00e7ok kez &hellip;<\/p>\n","protected":false},"author":1,"featured_media":60856,"comment_status":"closed","ping_status":"closed","sticky":false,"template":"","format":"standard","meta":{"footnotes":""},"categories":[458,459,17988],"tags":[19108],"class_list":["post-60853","post","type-post","status-publish","format-standard","has-post-thumbnail","","category-dunya1","category-haberler-arap-uluslararasi-politika","category-son-haberler","tag-rusyanin-ankara-buyukelcisi-andrey-karlov"],"_links":{"self":[{"href":"https:\/\/archive.sana.sy\/tr\/index.php?rest_route=\/wp\/v2\/posts\/60853","targetHints":{"allow":["GET"]}}],"collection":[{"href":"https:\/\/archive.sana.sy\/tr\/index.php?rest_route=\/wp\/v2\/posts"}],"about":[{"href":"https:\/\/archive.sana.sy\/tr\/index.php?rest_route=\/wp\/v2\/types\/post"}],"author":[{"embeddable":true,"href":"https:\/\/archive.sana.sy\/tr\/index.php?rest_route=\/wp\/v2\/users\/1"}],"replies":[{"embeddable":true,"href":"https:\/\/archive.sana.sy\/tr\/index.php?rest_route=%2Fwp%2Fv2%2Fcomments&post=60853"}],"version-history":[{"count":0,"href":"https:\/\/archive.sana.sy\/tr\/index.php?rest_route=\/wp\/v2\/posts\/60853\/revisions"}],"wp:featuredmedia":[{"embeddable":true,"href":"https:\/\/archive.sana.sy\/tr\/index.php?rest_route=\/wp\/v2\/media\/60856"}],"wp:attachment":[{"href":"https:\/\/archive.sana.sy\/tr\/index.php?rest_route=%2Fwp%2Fv2%2Fmedia&parent=60853"}],"wp:term":[{"taxonomy":"category","embeddable":true,"href":"https:\/\/archive.sana.sy\/tr\/index.php?rest_route=%2Fwp%2Fv2%2Fcategories&post=60853"},{"taxonomy":"post_tag","embeddable":true,"href":"https:\/\/archive.sana.sy\/tr\/index.php?rest_route=%2Fwp%2Fv2%2Ftags&post=60853"}],"curies":[{"name":"wp","href":"https:\/\/api.w.org\/{rel}","templated":true}]}}