{"id":60858,"date":"2016-02-09T12:28:52","date_gmt":"2016-02-09T10:28:52","guid":{"rendered":"http:\/\/www.sana.sy\/tr\/?p=60858"},"modified":"2016-02-09T12:26:04","modified_gmt":"2016-02-09T10:26:04","slug":"kaynak-degirmenler-kamu-sirketinin-onunde-meydana-gelen-bombali-teror-eyleminde-8-vatandasin-isabet-aldigini-ifade-ederken-sirket-binasi-ve-civardaki-ozel-mulklerde-maddi-hasarin-olustugunu-soyledi","status":"publish","type":"post","link":"https:\/\/archive.sana.sy\/tr\/?p=60858","title":{"rendered":"Kaynak De\u011firmenler Kamu \u015eirketinin \u00f6n\u00fcnde meydana gelen bombal\u0131 ter\u00f6r eyleminde 8 vatanda\u015f\u0131n isabet ald\u0131\u011f\u0131n\u0131 ifade ederken \u015firket binas\u0131 ve civardaki \u00f6zel m\u00fclklerde maddi hasar\u0131n olu\u015ftu\u011funu s\u00f6yledi"},"content":{"rendered":"<p>Kaynak De\u011firmenler Kamu \u015eirketinin \u00f6n\u00fcnde meydana gelen bombal\u0131 ter\u00f6r eyleminde 8 vatanda\u015f\u0131n isabet ald\u0131\u011f\u0131n\u0131 ifade ederken \u015firket binas\u0131 ve civardaki \u00f6zel m\u00fclklerde maddi hasar\u0131n olu\u015ftu\u011funu s\u00f6yledi<\/p>\n","protected":false},"excerpt":{"rendered":"<p>Kaynak De\u011firmenler Kamu \u015eirketinin \u00f6n\u00fcnde meydana gelen bombal\u0131 ter\u00f6r eyleminde 8 vatanda\u015f\u0131n isabet ald\u0131\u011f\u0131n\u0131 ifade ederken \u015firket binas\u0131 ve civardaki \u00f6zel m\u00fclklerde maddi hasar\u0131n olu\u015ftu\u011funu s\u00f6yledi<\/p>\n","protected":false},"author":1,"featured_media":0,"comment_status":"closed","ping_status":"closed","sticky":false,"template":"","format":"standard","meta":{"footnotes":""},"categories":[17991],"tags":[],"class_list":["post-60858","post","type-post","status-publish","format-standard","","category-son-dakika"],"_links":{"self":[{"href":"https:\/\/archive.sana.sy\/tr\/index.php?rest_route=\/wp\/v2\/posts\/60858","targetHints":{"allow":["GET"]}}],"collection":[{"href":"https:\/\/archive.sana.sy\/tr\/index.php?rest_route=\/wp\/v2\/posts"}],"about":[{"href":"https:\/\/archive.sana.sy\/tr\/index.php?rest_route=\/wp\/v2\/types\/post"}],"author":[{"embeddable":true,"href":"https:\/\/archive.sana.sy\/tr\/index.php?rest_route=\/wp\/v2\/users\/1"}],"replies":[{"embeddable":true,"href":"https:\/\/archive.sana.sy\/tr\/index.php?rest_route=%2Fwp%2Fv2%2Fcomments&post=60858"}],"version-history":[{"count":0,"href":"https:\/\/archive.sana.sy\/tr\/index.php?rest_route=\/wp\/v2\/posts\/60858\/revisions"}],"wp:attachment":[{"href":"https:\/\/archive.sana.sy\/tr\/index.php?rest_route=%2Fwp%2Fv2%2Fmedia&parent=60858"}],"wp:term":[{"taxonomy":"category","embeddable":true,"href":"https:\/\/archive.sana.sy\/tr\/index.php?rest_route=%2Fwp%2Fv2%2Fcategories&post=60858"},{"taxonomy":"post_tag","embeddable":true,"href":"https:\/\/archive.sana.sy\/tr\/index.php?rest_route=%2Fwp%2Fv2%2Ftags&post=60858"}],"curies":[{"name":"wp","href":"https:\/\/api.w.org\/{rel}","templated":true}]}}