{"id":60869,"date":"2016-02-09T12:40:09","date_gmt":"2016-02-09T10:40:09","guid":{"rendered":"http:\/\/www.sana.sy\/tr\/?p=60869"},"modified":"2016-02-09T12:40:09","modified_gmt":"2016-02-09T10:40:09","slug":"samdaki-iran-kultur-merkezinde-hamineinin-genclere-mesaji-slogani-altinda-dusunsel-panel-duzenlendi","status":"publish","type":"post","link":"https:\/\/archive.sana.sy\/tr\/?p=60869","title":{"rendered":"\u015eam\u2019daki \u0130ran K\u00fclt\u00fcr Merkezinde Haminei\u2019nin Gen\u00e7lere Mesaj\u0131 slogan\u0131 alt\u0131nda d\u00fc\u015f\u00fcnsel panel d\u00fczenlendi"},"content":{"rendered":"<p>\u015eam\u2019daki \u0130ran K\u00fclt\u00fcr Merkezinde Haminei\u2019nin Gen\u00e7lere Mesaj\u0131 slogan\u0131 alt\u0131nda d\u00fc\u015f\u00fcnsel panel d\u00fczenlendi<\/p>\n<p>https:\/\/www.youtube.com\/watch?v=VJzfWQwKS7g<\/p>\n<p>R.H.<\/p>\n","protected":false},"excerpt":{"rendered":"<p>\u015eam\u2019daki \u0130ran K\u00fclt\u00fcr Merkezinde Haminei\u2019nin Gen\u00e7lere Mesaj\u0131 slogan\u0131 alt\u0131nda d\u00fc\u015f\u00fcnsel panel d\u00fczenlendi https:\/\/www.youtube.com\/watch?v=VJzfWQwKS7g R.H.<\/p>\n","protected":false},"author":1,"featured_media":60870,"comment_status":"closed","ping_status":"closed","sticky":false,"template":"","format":"standard","meta":{"footnotes":""},"categories":[18295],"tags":[19111],"class_list":["post-60869","post","type-post","status-publish","format-standard","has-post-thumbnail","","category-sana-video","tag-samdaki-iran-kultur-merkezinde-hamineinin-genclere-mesaji-slogani-altinda-dusunsel-panel-duzenlendi"],"_links":{"self":[{"href":"https:\/\/archive.sana.sy\/tr\/index.php?rest_route=\/wp\/v2\/posts\/60869","targetHints":{"allow":["GET"]}}],"collection":[{"href":"https:\/\/archive.sana.sy\/tr\/index.php?rest_route=\/wp\/v2\/posts"}],"about":[{"href":"https:\/\/archive.sana.sy\/tr\/index.php?rest_route=\/wp\/v2\/types\/post"}],"author":[{"embeddable":true,"href":"https:\/\/archive.sana.sy\/tr\/index.php?rest_route=\/wp\/v2\/users\/1"}],"replies":[{"embeddable":true,"href":"https:\/\/archive.sana.sy\/tr\/index.php?rest_route=%2Fwp%2Fv2%2Fcomments&post=60869"}],"version-history":[{"count":0,"href":"https:\/\/archive.sana.sy\/tr\/index.php?rest_route=\/wp\/v2\/posts\/60869\/revisions"}],"wp:featuredmedia":[{"embeddable":true,"href":"https:\/\/archive.sana.sy\/tr\/index.php?rest_route=\/wp\/v2\/media\/60870"}],"wp:attachment":[{"href":"https:\/\/archive.sana.sy\/tr\/index.php?rest_route=%2Fwp%2Fv2%2Fmedia&parent=60869"}],"wp:term":[{"taxonomy":"category","embeddable":true,"href":"https:\/\/archive.sana.sy\/tr\/index.php?rest_route=%2Fwp%2Fv2%2Fcategories&post=60869"},{"taxonomy":"post_tag","embeddable":true,"href":"https:\/\/archive.sana.sy\/tr\/index.php?rest_route=%2Fwp%2Fv2%2Ftags&post=60869"}],"curies":[{"name":"wp","href":"https:\/\/api.w.org\/{rel}","templated":true}]}}