{"id":60884,"date":"2016-02-09T13:23:10","date_gmt":"2016-02-09T11:23:10","guid":{"rendered":"http:\/\/www.sana.sy\/tr\/?p=60884"},"modified":"2016-02-12T17:10:40","modified_gmt":"2016-02-12T15:10:40","slug":"18-kg-esrarla-yakalandi","status":"publish","type":"post","link":"https:\/\/archive.sana.sy\/tr\/?p=60884","title":{"rendered":"48 kg Esrarla Yakaland\u0131lar"},"content":{"rendered":"<p>\u015eAM \u2013 \u0130\u00e7i\u015fleri Bakanl\u0131\u011f\u0131nda yetkili bir kaynak uyu\u015fturucuyla m\u00fccadele ekiplerinin \u015eam\u2019da uyu\u015fturucu ticareti yapan bir \u015fah\u0131s\u0131 havzas\u0131ndaki uyu\u015fturucuyla birlikte yakalad\u0131\u011f\u0131n\u0131 belirtti.<\/p>\n<p>Kaynak ekiplerin \u015fah\u0131s\u0131n kulland\u0131\u011f\u0131 arac\u0131 \u00e7evirmeleri ve tefti\u015fe almalar\u0131 sonucunda arac\u0131n zulalar\u0131na sakl\u0131 olarak 18 kg esrar ele ge\u00e7irdiklerini belirtti.<\/p>\n<p>Kaynak uyu\u015fturucuyla m\u00fccadele ekiplerinin ayr\u0131ca yine uyu\u015fturucu ticareti yapan iki vatanda\u015f\u0131n tutukland\u0131\u011f\u0131n\u0131 belirtirken, ikisinin havzas\u0131nda 30 kg esrar yakaland\u0131\u011f\u0131n\u0131 aktard\u0131.<\/p>\n<p>Bu arada d\u0131\u015f g\u00fc\u00e7lerin patronajl\u0131\u011f\u0131nda ter\u00f6r ve tekfirci ideoloji yayan \u00e7etelerin saflar\u0131nda uyu\u015fturucu kullan\u0131m\u0131n\u0131n yayg\u0131n oldu\u011fu biliniyor.<\/p>\n<p>R.H.<\/p>\n","protected":false},"excerpt":{"rendered":"<p>\u015eAM \u2013 \u0130\u00e7i\u015fleri Bakanl\u0131\u011f\u0131nda yetkili bir kaynak uyu\u015fturucuyla m\u00fccadele ekiplerinin \u015eam\u2019da uyu\u015fturucu ticareti yapan bir \u015fah\u0131s\u0131 havzas\u0131ndaki uyu\u015fturucuyla birlikte yakalad\u0131\u011f\u0131n\u0131 belirtti. Kaynak ekiplerin \u015fah\u0131s\u0131n kulland\u0131\u011f\u0131 arac\u0131 \u00e7evirmeleri ve tefti\u015fe almalar\u0131 sonucunda arac\u0131n zulalar\u0131na sakl\u0131 olarak 18 kg esrar ele ge\u00e7irdiklerini belirtti. Kaynak uyu\u015fturucuyla m\u00fccadele ekiplerinin ayr\u0131ca yine uyu\u015fturucu ticareti yapan iki vatanda\u015f\u0131n tutukland\u0131\u011f\u0131n\u0131 belirtirken, ikisinin &hellip;<\/p>\n","protected":false},"author":1,"featured_media":60888,"comment_status":"closed","ping_status":"closed","sticky":false,"template":"","format":"standard","meta":{"footnotes":""},"categories":[485,486,17988],"tags":[19116],"class_list":["post-60884","post","type-post","status-publish","format-standard","has-post-thumbnail","","category-is-ve-sermaye","category-haberler-is-ve-sermaye","category-son-haberler","tag-18-kg-esrarla-yakalandi"],"_links":{"self":[{"href":"https:\/\/archive.sana.sy\/tr\/index.php?rest_route=\/wp\/v2\/posts\/60884","targetHints":{"allow":["GET"]}}],"collection":[{"href":"https:\/\/archive.sana.sy\/tr\/index.php?rest_route=\/wp\/v2\/posts"}],"about":[{"href":"https:\/\/archive.sana.sy\/tr\/index.php?rest_route=\/wp\/v2\/types\/post"}],"author":[{"embeddable":true,"href":"https:\/\/archive.sana.sy\/tr\/index.php?rest_route=\/wp\/v2\/users\/1"}],"replies":[{"embeddable":true,"href":"https:\/\/archive.sana.sy\/tr\/index.php?rest_route=%2Fwp%2Fv2%2Fcomments&post=60884"}],"version-history":[{"count":0,"href":"https:\/\/archive.sana.sy\/tr\/index.php?rest_route=\/wp\/v2\/posts\/60884\/revisions"}],"wp:featuredmedia":[{"embeddable":true,"href":"https:\/\/archive.sana.sy\/tr\/index.php?rest_route=\/wp\/v2\/media\/60888"}],"wp:attachment":[{"href":"https:\/\/archive.sana.sy\/tr\/index.php?rest_route=%2Fwp%2Fv2%2Fmedia&parent=60884"}],"wp:term":[{"taxonomy":"category","embeddable":true,"href":"https:\/\/archive.sana.sy\/tr\/index.php?rest_route=%2Fwp%2Fv2%2Fcategories&post=60884"},{"taxonomy":"post_tag","embeddable":true,"href":"https:\/\/archive.sana.sy\/tr\/index.php?rest_route=%2Fwp%2Fv2%2Ftags&post=60884"}],"curies":[{"name":"wp","href":"https:\/\/api.w.org\/{rel}","templated":true}]}}