{"id":60886,"date":"2016-02-09T14:23:04","date_gmt":"2016-02-09T12:23:04","guid":{"rendered":"http:\/\/www.sana.sy\/tr\/?p=60886"},"modified":"2016-02-12T17:05:58","modified_gmt":"2016-02-12T15:05:58","slug":"zaferler-uzlasmalari-ve-insani-yardimlarin-ulastirilmasini-hizlandiriyor","status":"publish","type":"post","link":"https:\/\/archive.sana.sy\/tr\/?p=60886","title":{"rendered":"Zaferler Uzla\u015fmalar\u0131 ve \u0130nsani Yard\u0131mlar\u0131n Ula\u015ft\u0131r\u0131lmas\u0131n\u0131 H\u0131zland\u0131r\u0131yor"},"content":{"rendered":"<p>\u015eAM \u2013 Halk Meclisinde Ulusal Uzla\u015fma Komisyonu Ba\u015fkan\u0131 \u00d6mer Osi; Suriye ordusunun yurdun genelinde ter\u00f6re kar\u015f\u0131 sa\u011flad\u0131\u011f\u0131 zaferlerin, ulusal uzla\u015fmalar\u0131n ger\u00e7ekle\u015fmesi ve insani yard\u0131mlar\u0131n ula\u015ft\u0131r\u0131lmas\u0131n\u0131 h\u0131zland\u0131rd\u0131\u011f\u0131n\u0131 belirtti.<\/p>\n<p>Komisyonun Halk Meclisinde bug\u00fcn d\u00fczenledi\u011fi oturumda konu\u015fan Osi; muhtelif illerde bir\u00e7ok belde ve k\u00f6yde kontrol ve g\u00fcvenli\u011fin sa\u011flanmas\u0131yla komisyonun haftada en az iki defa toplanmas\u0131n\u0131n yan\u0131 s\u0131ra yeni ulusal uzla\u015fmalar\u0131n ba\u015far\u0131lmas\u0131 i\u00e7in ilgili bir dizi bakanl\u0131k, vali ve kurumla koordinasyon d\u00fczeyini y\u00fckseltmeyi gerektirdi\u011fini vurgulad\u0131. Osi muhtelif \u015fekillerde oyuna getirilen yada zorla silah ta\u015f\u0131yanlar\u0131n kanuni durumlar\u0131n\u0131n yeniden d\u00fczenlenmesinin, b\u00fcy\u00fck bir \u00e7aba ve zamandan kazand\u0131rd\u0131\u011f\u0131na dikkat \u00e7ekti.<\/p>\n<p>Komisyon \u00fcyeleri ise toplant\u0131da; ordu birliklerimizin ter\u00f6re kar\u015f\u0131 zaferlerinin, Suriye ve halk\u0131na kar\u015f\u0131 silah ta\u015f\u0131yanlar\u0131n silahlar\u0131yla teslim olup vatan kuca\u011f\u0131na d\u00f6nmeleri konusunda \u00f6nemli bir mesaj te\u015fkil etti\u011fine de dikkat \u00e7ekti.<\/p>\n<div id='gallery-1' class='gallery galleryid-60886 gallery-columns-2 gallery-size-thumbnail'><figure class='gallery-item'>\n\t\t\t<div class='gallery-icon landscape'>\n\t\t\t\t<a href='https:\/\/archive.sana.sy\/tr\/wp-content\/uploads\/2016\/02\/2-9.jpg'><img loading=\"lazy\" decoding=\"async\" width=\"150\" height=\"92\" src=\"https:\/\/archive.sana.sy\/tr\/wp-content\/uploads\/2016\/02\/2-9-150x92.jpg\" class=\"attachment-thumbnail size-thumbnail\" alt=\"\" srcset=\"https:\/\/archive.sana.sy\/tr\/wp-content\/uploads\/2016\/02\/2-9-150x92.jpg 150w, https:\/\/archive.sana.sy\/tr\/wp-content\/uploads\/2016\/02\/2-9-300x183.jpg 300w, https:\/\/archive.sana.sy\/tr\/wp-content\/uploads\/2016\/02\/2-9-768x469.jpg 768w, https:\/\/archive.sana.sy\/tr\/wp-content\/uploads\/2016\/02\/2-9-1024x626.jpg 1024w\" sizes=\"auto, (max-width: 150px) 100vw, 150px\" \/><\/a>\n\t\t\t<\/div><\/figure><figure class='gallery-item'>\n\t\t\t<div class='gallery-icon landscape'>\n\t\t\t\t<a href='https:\/\/archive.sana.sy\/tr\/wp-content\/uploads\/2016\/02\/3-9.jpg'><img loading=\"lazy\" decoding=\"async\" width=\"150\" height=\"95\" src=\"https:\/\/archive.sana.sy\/tr\/wp-content\/uploads\/2016\/02\/3-9-150x95.jpg\" class=\"attachment-thumbnail size-thumbnail\" alt=\"\" srcset=\"https:\/\/archive.sana.sy\/tr\/wp-content\/uploads\/2016\/02\/3-9-150x95.jpg 150w, https:\/\/archive.sana.sy\/tr\/wp-content\/uploads\/2016\/02\/3-9-300x189.jpg 300w, https:\/\/archive.sana.sy\/tr\/wp-content\/uploads\/2016\/02\/3-9-768x484.jpg 768w, https:\/\/archive.sana.sy\/tr\/wp-content\/uploads\/2016\/02\/3-9-1024x646.jpg 1024w\" sizes=\"auto, (max-width: 150px) 100vw, 150px\" \/><\/a>\n\t\t\t<\/div><\/figure>\n\t\t<\/div>\n\n","protected":false},"excerpt":{"rendered":"<p>\u015eAM \u2013 Halk Meclisinde Ulusal Uzla\u015fma Komisyonu Ba\u015fkan\u0131 \u00d6mer Osi; Suriye ordusunun yurdun genelinde ter\u00f6re kar\u015f\u0131 sa\u011flad\u0131\u011f\u0131 zaferlerin, ulusal uzla\u015fmalar\u0131n ger\u00e7ekle\u015fmesi ve insani yard\u0131mlar\u0131n ula\u015ft\u0131r\u0131lmas\u0131n\u0131 h\u0131zland\u0131rd\u0131\u011f\u0131n\u0131 belirtti. Komisyonun Halk Meclisinde bug\u00fcn d\u00fczenledi\u011fi oturumda konu\u015fan Osi; muhtelif illerde bir\u00e7ok belde ve k\u00f6yde kontrol ve g\u00fcvenli\u011fin sa\u011flanmas\u0131yla komisyonun haftada en az iki defa toplanmas\u0131n\u0131n yan\u0131 s\u0131ra yeni &hellip;<\/p>\n","protected":false},"author":1,"featured_media":60894,"comment_status":"closed","ping_status":"closed","sticky":false,"template":"","format":"standard","meta":{"footnotes":""},"categories":[479,17988,478],"tags":[],"class_list":["post-60886","post","type-post","status-publish","format-standard","has-post-thumbnail","","category-haberler-yerel","category-son-haberler","category-yerel"],"_links":{"self":[{"href":"https:\/\/archive.sana.sy\/tr\/index.php?rest_route=\/wp\/v2\/posts\/60886","targetHints":{"allow":["GET"]}}],"collection":[{"href":"https:\/\/archive.sana.sy\/tr\/index.php?rest_route=\/wp\/v2\/posts"}],"about":[{"href":"https:\/\/archive.sana.sy\/tr\/index.php?rest_route=\/wp\/v2\/types\/post"}],"author":[{"embeddable":true,"href":"https:\/\/archive.sana.sy\/tr\/index.php?rest_route=\/wp\/v2\/users\/1"}],"replies":[{"embeddable":true,"href":"https:\/\/archive.sana.sy\/tr\/index.php?rest_route=%2Fwp%2Fv2%2Fcomments&post=60886"}],"version-history":[{"count":0,"href":"https:\/\/archive.sana.sy\/tr\/index.php?rest_route=\/wp\/v2\/posts\/60886\/revisions"}],"wp:featuredmedia":[{"embeddable":true,"href":"https:\/\/archive.sana.sy\/tr\/index.php?rest_route=\/wp\/v2\/media\/60894"}],"wp:attachment":[{"href":"https:\/\/archive.sana.sy\/tr\/index.php?rest_route=%2Fwp%2Fv2%2Fmedia&parent=60886"}],"wp:term":[{"taxonomy":"category","embeddable":true,"href":"https:\/\/archive.sana.sy\/tr\/index.php?rest_route=%2Fwp%2Fv2%2Fcategories&post=60886"},{"taxonomy":"post_tag","embeddable":true,"href":"https:\/\/archive.sana.sy\/tr\/index.php?rest_route=%2Fwp%2Fv2%2Ftags&post=60886"}],"curies":[{"name":"wp","href":"https:\/\/api.w.org\/{rel}","templated":true}]}}