{"id":60898,"date":"2016-02-09T14:35:54","date_gmt":"2016-02-09T12:35:54","guid":{"rendered":"http:\/\/www.sana.sy\/tr\/?p=60898"},"modified":"2016-02-12T17:05:55","modified_gmt":"2016-02-12T15:05:55","slug":"suriyede-ilk-karaciger-nakli-ameliyati-basarili-oldu","status":"publish","type":"post","link":"https:\/\/archive.sana.sy\/tr\/?p=60898","title":{"rendered":"Suriye&#8217;de \u0130lk Karaci\u011fer Nakli Ameliyat\u0131 Ba\u015far\u0131l\u0131 Oldu (video)"},"content":{"rendered":"<p>\u015eAM \u2013 \u015eam \u00dcniversitesine tabi Esad \u00dcniversite Hastanesinde cerrahi ekibin Suriye&#8217;de bir ilk olarak 12 ya\u015flar\u0131nda bir \u00e7ocu\u011fa yapt\u0131klar\u0131 karaci\u011fer nakli ameliyat\u0131 ba\u015far\u0131l\u0131 oldu.<\/p>\n<p>Hastane M\u00fcd\u00fcr\u00fc H\u00fcsamettin \u015eibli bug\u00fcn SANA\u2019ya yapt\u0131\u011f\u0131 a\u00e7\u0131klamada; bug\u00fcn yap\u0131lan test sonu\u00e7lar\u0131nda 12 ya\u015flar\u0131nda bir \u00e7ocu\u011fa yap\u0131lan karaci\u011fer naklinin ba\u015far\u0131l\u0131 oldu\u011funun tespit edildi\u011fini s\u00f6yledi. Dr \u015eibli krizin ve ekonomik yapt\u0131r\u0131mlar\u0131n dayatt\u0131klar\u0131 zor ko\u015fullara ra\u011fmen tamamen Suriyelilerden olu\u015fan t\u0131bbi bir ekibin Suriye&#8217;de bir ilk olarak ge\u00e7en Cumartesi g\u00fcn\u00fc bu ameliyat\u0131 ba\u015fard\u0131klar\u0131n\u0131 ifade etti. D\u00fcnya genelinde olduk\u00e7a karma\u015f\u0131k ve nadir ameliyatlardan biri say\u0131ld\u0131\u011f\u0131na i\u015faret eden Dr \u015eibli; 12 saat s\u00fcren t\u0131bbi ameliyat neticesinde nakil yap\u0131lan \u00e7ocu\u011fun bug\u00fcn yava\u015f yava\u015f y\u00fcr\u00fcmeye ba\u015flad\u0131\u011f\u0131n\u0131 s\u00f6yledi.<\/p>\n<p>https:\/\/www.youtube.com\/watch?v=_zvz09qh8nk<\/p>\n","protected":false},"excerpt":{"rendered":"<p>\u015eAM \u2013 \u015eam \u00dcniversitesine tabi Esad \u00dcniversite Hastanesinde cerrahi ekibin Suriye&#8217;de bir ilk olarak 12 ya\u015flar\u0131nda bir \u00e7ocu\u011fa yapt\u0131klar\u0131 karaci\u011fer nakli ameliyat\u0131 ba\u015far\u0131l\u0131 oldu. Hastane M\u00fcd\u00fcr\u00fc H\u00fcsamettin \u015eibli bug\u00fcn SANA\u2019ya yapt\u0131\u011f\u0131 a\u00e7\u0131klamada; bug\u00fcn yap\u0131lan test sonu\u00e7lar\u0131nda 12 ya\u015flar\u0131nda bir \u00e7ocu\u011fa yap\u0131lan karaci\u011fer naklinin ba\u015far\u0131l\u0131 oldu\u011funun tespit edildi\u011fini s\u00f6yledi. Dr \u015eibli krizin ve ekonomik yapt\u0131r\u0131mlar\u0131n dayatt\u0131klar\u0131 &hellip;<\/p>\n","protected":false},"author":1,"featured_media":60939,"comment_status":"closed","ping_status":"closed","sticky":false,"template":"","format":"standard","meta":{"footnotes":""},"categories":[479,17988,478],"tags":[],"class_list":["post-60898","post","type-post","status-publish","format-standard","has-post-thumbnail","","category-haberler-yerel","category-son-haberler","category-yerel"],"_links":{"self":[{"href":"https:\/\/archive.sana.sy\/tr\/index.php?rest_route=\/wp\/v2\/posts\/60898","targetHints":{"allow":["GET"]}}],"collection":[{"href":"https:\/\/archive.sana.sy\/tr\/index.php?rest_route=\/wp\/v2\/posts"}],"about":[{"href":"https:\/\/archive.sana.sy\/tr\/index.php?rest_route=\/wp\/v2\/types\/post"}],"author":[{"embeddable":true,"href":"https:\/\/archive.sana.sy\/tr\/index.php?rest_route=\/wp\/v2\/users\/1"}],"replies":[{"embeddable":true,"href":"https:\/\/archive.sana.sy\/tr\/index.php?rest_route=%2Fwp%2Fv2%2Fcomments&post=60898"}],"version-history":[{"count":0,"href":"https:\/\/archive.sana.sy\/tr\/index.php?rest_route=\/wp\/v2\/posts\/60898\/revisions"}],"wp:featuredmedia":[{"embeddable":true,"href":"https:\/\/archive.sana.sy\/tr\/index.php?rest_route=\/wp\/v2\/media\/60939"}],"wp:attachment":[{"href":"https:\/\/archive.sana.sy\/tr\/index.php?rest_route=%2Fwp%2Fv2%2Fmedia&parent=60898"}],"wp:term":[{"taxonomy":"category","embeddable":true,"href":"https:\/\/archive.sana.sy\/tr\/index.php?rest_route=%2Fwp%2Fv2%2Fcategories&post=60898"},{"taxonomy":"post_tag","embeddable":true,"href":"https:\/\/archive.sana.sy\/tr\/index.php?rest_route=%2Fwp%2Fv2%2Ftags&post=60898"}],"curies":[{"name":"wp","href":"https:\/\/api.w.org\/{rel}","templated":true}]}}