{"id":60931,"date":"2016-02-09T15:12:45","date_gmt":"2016-02-09T13:12:45","guid":{"rendered":"http:\/\/www.sana.sy\/tr\/?p=60931"},"modified":"2016-02-09T15:12:45","modified_gmt":"2016-02-09T13:12:45","slug":"rusya-disisleri-bakani-yardimcisi-oleg-saromulotov-turkiyedeki-rejimin-isid-ve-daha-baska-teror-orgutleri-ile-iliskilerinin-bolge-ve-tum-dunyada-teror-tehlikesini-arttirdigini-vurguladi","status":"publish","type":"post","link":"https:\/\/archive.sana.sy\/tr\/?p=60931","title":{"rendered":"Rusya D\u0131\u015fi\u015fleri Bakan\u0131 Yard\u0131mc\u0131s\u0131 Oleg Saromulotov; T\u00fcrkiye&#8217;deki rejimin I\u015e\u0130D ve daha ba\u015fka ter\u00f6r \u00f6rg\u00fctleri ile ili\u015fkilerinin b\u00f6lge ve t\u00fcm d\u00fcnyada ter\u00f6r tehlikesini artt\u0131rd\u0131\u011f\u0131n\u0131 vurgulad\u0131"},"content":{"rendered":"<p>Rusya D\u0131\u015fi\u015fleri Bakan\u0131 Yard\u0131mc\u0131s\u0131 Oleg Saromulotov; T\u00fcrkiye&#8217;deki rejimin I\u015e\u0130D ve daha ba\u015fka ter\u00f6r \u00f6rg\u00fctleri ile ili\u015fkilerinin b\u00f6lge ve t\u00fcm d\u00fcnyada ter\u00f6r tehlikesini artt\u0131rd\u0131\u011f\u0131n\u0131 vurgulad\u0131<\/p>\n","protected":false},"excerpt":{"rendered":"<p>Rusya D\u0131\u015fi\u015fleri Bakan\u0131 Yard\u0131mc\u0131s\u0131 Oleg Saromulotov; T\u00fcrkiye&#8217;deki rejimin I\u015e\u0130D ve daha ba\u015fka ter\u00f6r \u00f6rg\u00fctleri ile ili\u015fkilerinin b\u00f6lge ve t\u00fcm d\u00fcnyada ter\u00f6r tehlikesini artt\u0131rd\u0131\u011f\u0131n\u0131 vurgulad\u0131<\/p>\n","protected":false},"author":1,"featured_media":0,"comment_status":"closed","ping_status":"closed","sticky":false,"template":"","format":"standard","meta":{"footnotes":""},"categories":[17991],"tags":[],"class_list":["post-60931","post","type-post","status-publish","format-standard","","category-son-dakika"],"_links":{"self":[{"href":"https:\/\/archive.sana.sy\/tr\/index.php?rest_route=\/wp\/v2\/posts\/60931","targetHints":{"allow":["GET"]}}],"collection":[{"href":"https:\/\/archive.sana.sy\/tr\/index.php?rest_route=\/wp\/v2\/posts"}],"about":[{"href":"https:\/\/archive.sana.sy\/tr\/index.php?rest_route=\/wp\/v2\/types\/post"}],"author":[{"embeddable":true,"href":"https:\/\/archive.sana.sy\/tr\/index.php?rest_route=\/wp\/v2\/users\/1"}],"replies":[{"embeddable":true,"href":"https:\/\/archive.sana.sy\/tr\/index.php?rest_route=%2Fwp%2Fv2%2Fcomments&post=60931"}],"version-history":[{"count":0,"href":"https:\/\/archive.sana.sy\/tr\/index.php?rest_route=\/wp\/v2\/posts\/60931\/revisions"}],"wp:attachment":[{"href":"https:\/\/archive.sana.sy\/tr\/index.php?rest_route=%2Fwp%2Fv2%2Fmedia&parent=60931"}],"wp:term":[{"taxonomy":"category","embeddable":true,"href":"https:\/\/archive.sana.sy\/tr\/index.php?rest_route=%2Fwp%2Fv2%2Fcategories&post=60931"},{"taxonomy":"post_tag","embeddable":true,"href":"https:\/\/archive.sana.sy\/tr\/index.php?rest_route=%2Fwp%2Fv2%2Ftags&post=60931"}],"curies":[{"name":"wp","href":"https:\/\/api.w.org\/{rel}","templated":true}]}}