{"id":60933,"date":"2016-02-09T15:34:30","date_gmt":"2016-02-09T13:34:30","guid":{"rendered":"http:\/\/www.sana.sy\/tr\/?p=60933"},"modified":"2016-02-11T18:47:02","modified_gmt":"2016-02-11T16:47:02","slug":"su-ana-kadar-hicbir-kanit-ortaya-cikmadi","status":"publish","type":"post","link":"https:\/\/archive.sana.sy\/tr\/?p=60933","title":{"rendered":"\u015eu Ana Kadar Hi\u00e7bir Kan\u0131t Ortaya \u00c7\u0131kmad\u0131"},"content":{"rendered":"<p>MOSKOVA \u2013 Rusya Ba\u015fkanl\u0131k Saray\u0131 Kremlin\u2019in S\u00f6zc\u00fcs\u00fc Dimtry Peskov Rusya ile T\u00fcrkiye aras\u0131ndaki ili\u015fkilerin on y\u0131llard\u0131r en k\u00f6t\u00fc say\u0131lacak bir duruma geldi\u011fini belirtirken, mevcut ko\u015fullarda bu ili\u015fkileri normalle\u015ftirmenin imkans\u0131z oldu\u011funu ifade etti.<\/p>\n<p>Peskov RT\u2019nin bug\u00fcn aktard\u0131\u011f\u0131 bas\u0131n a\u00e7\u0131klamalar\u0131nda; T\u00fcrkiye&#8217;deki rejimin 24 Kas\u0131m tarihinde Suriye\u2019de Rus SU-24 sava\u015f u\u00e7a\u011f\u0131n\u0131 d\u00fc\u015f\u00fcrmekle Rusya&#8217;ya kar\u015f\u0131 d\u00fc\u015fmanc\u0131 korkak bir eylemde bulundu\u011funu ve \u015fu ana dek \u00f6z\u00fcr dilemedi\u011fine dikkat \u00e7ekerken, bu ko\u015fullarda T\u00fcrkiye ile ili\u015fkilerin normalle\u015ftirilmesinden s\u00f6z etmenin kesinlikle m\u00fcmk\u00fcn olmad\u0131\u011f\u0131n\u0131 a\u00e7\u0131klad\u0131.<\/p>\n<p>Di\u011fer yandan Peskov; Suriye&#8217;de sivilleri hedef ald\u0131\u011f\u0131 y\u00f6n\u00fcnde Rusya&#8217;ya y\u00f6nelik devam eden su\u00e7lamalar\u0131n mant\u0131k ya da do\u011frulukla hi\u00e7bir ilgisi olmad\u0131\u011f\u0131n\u0131 ifade ederek, bu konuda \u015fu ana dek herhangi bir kan\u0131t\u0131n ortaya konulmad\u0131\u011f\u0131na vurgu yapt\u0131.<\/p>\n<p>T\u00fcrkiye&#8217;de rejim ba\u015fkan\u0131 Recep Tayip Erdo\u011fan\u2019\u0131n; \u2018Rusya&#8217;n\u0131n Suriye&#8217;nin bir b\u00f6l\u00fcm\u00fcn\u00fc i\u015fgal etti\u011fi\u2019 y\u00f6n\u00fcndeki su\u00e7lamalar\u0131n\u0131n tamamen sa\u00e7ma oldu\u011funu s\u00f6yledi.<\/p>\n","protected":false},"excerpt":{"rendered":"<p>MOSKOVA \u2013 Rusya Ba\u015fkanl\u0131k Saray\u0131 Kremlin\u2019in S\u00f6zc\u00fcs\u00fc Dimtry Peskov Rusya ile T\u00fcrkiye aras\u0131ndaki ili\u015fkilerin on y\u0131llard\u0131r en k\u00f6t\u00fc say\u0131lacak bir duruma geldi\u011fini belirtirken, mevcut ko\u015fullarda bu ili\u015fkileri normalle\u015ftirmenin imkans\u0131z oldu\u011funu ifade etti. Peskov RT\u2019nin bug\u00fcn aktard\u0131\u011f\u0131 bas\u0131n a\u00e7\u0131klamalar\u0131nda; T\u00fcrkiye&#8217;deki rejimin 24 Kas\u0131m tarihinde Suriye\u2019de Rus SU-24 sava\u015f u\u00e7a\u011f\u0131n\u0131 d\u00fc\u015f\u00fcrmekle Rusya&#8217;ya kar\u015f\u0131 d\u00fc\u015fmanc\u0131 korkak bir eylemde &hellip;<\/p>\n","protected":false},"author":1,"featured_media":47805,"comment_status":"closed","ping_status":"closed","sticky":false,"template":"","format":"standard","meta":{"footnotes":""},"categories":[458,459,17988],"tags":[18941,19099],"class_list":["post-60933","post","type-post","status-publish","format-standard","has-post-thumbnail","","category-dunya1","category-haberler-arap-uluslararasi-politika","category-son-haberler","tag-rusya-baskanlik-sarayi-kremlinin-sozcusu-dimtry-peskov","tag-rusya-turkiye-iliskileri"],"_links":{"self":[{"href":"https:\/\/archive.sana.sy\/tr\/index.php?rest_route=\/wp\/v2\/posts\/60933","targetHints":{"allow":["GET"]}}],"collection":[{"href":"https:\/\/archive.sana.sy\/tr\/index.php?rest_route=\/wp\/v2\/posts"}],"about":[{"href":"https:\/\/archive.sana.sy\/tr\/index.php?rest_route=\/wp\/v2\/types\/post"}],"author":[{"embeddable":true,"href":"https:\/\/archive.sana.sy\/tr\/index.php?rest_route=\/wp\/v2\/users\/1"}],"replies":[{"embeddable":true,"href":"https:\/\/archive.sana.sy\/tr\/index.php?rest_route=%2Fwp%2Fv2%2Fcomments&post=60933"}],"version-history":[{"count":0,"href":"https:\/\/archive.sana.sy\/tr\/index.php?rest_route=\/wp\/v2\/posts\/60933\/revisions"}],"wp:featuredmedia":[{"embeddable":true,"href":"https:\/\/archive.sana.sy\/tr\/index.php?rest_route=\/wp\/v2\/media\/47805"}],"wp:attachment":[{"href":"https:\/\/archive.sana.sy\/tr\/index.php?rest_route=%2Fwp%2Fv2%2Fmedia&parent=60933"}],"wp:term":[{"taxonomy":"category","embeddable":true,"href":"https:\/\/archive.sana.sy\/tr\/index.php?rest_route=%2Fwp%2Fv2%2Fcategories&post=60933"},{"taxonomy":"post_tag","embeddable":true,"href":"https:\/\/archive.sana.sy\/tr\/index.php?rest_route=%2Fwp%2Fv2%2Ftags&post=60933"}],"curies":[{"name":"wp","href":"https:\/\/api.w.org\/{rel}","templated":true}]}}