{"id":60954,"date":"2016-02-10T13:46:31","date_gmt":"2016-02-10T11:46:31","guid":{"rendered":"http:\/\/www.sana.sy\/tr\/?p=60954"},"modified":"2016-02-10T13:47:00","modified_gmt":"2016-02-10T11:47:00","slug":"teror-kurbani-sehit-ogrencilerinin-ailelerine-fahri-diploma-verdi","status":"publish","type":"post","link":"https:\/\/archive.sana.sy\/tr\/?p=60954","title":{"rendered":"Ter\u00f6r Kurban\u0131 \u015eehit \u00d6\u011frencilerinin Ailelerine Fahri Diploma Verdi"},"content":{"rendered":"<p>\u015eam \u00dcniversitesi d\u0131\u015f destekli tekfirci ve vatan hainleri ter\u00f6ristlerin geli\u015fig\u00fczel f\u00fcze sald\u0131r\u0131lar\u0131 neticesinde \u015fehit d\u00fc\u015fen \u00f6\u011frencilerinin ailelerine fahri diploma verdi<\/p>\n<p>https:\/\/www.youtube.com\/watch?v=8Snp7hGoRR4<\/p>\n","protected":false},"excerpt":{"rendered":"<p>\u015eam \u00dcniversitesi d\u0131\u015f destekli tekfirci ve vatan hainleri ter\u00f6ristlerin geli\u015fig\u00fczel f\u00fcze sald\u0131r\u0131lar\u0131 neticesinde \u015fehit d\u00fc\u015fen \u00f6\u011frencilerinin ailelerine fahri diploma verdi https:\/\/www.youtube.com\/watch?v=8Snp7hGoRR4<\/p>\n","protected":false},"author":1,"featured_media":60955,"comment_status":"closed","ping_status":"closed","sticky":false,"template":"","format":"standard","meta":{"footnotes":""},"categories":[479,18295,478],"tags":[19127,19125,18782,19126],"class_list":["post-60954","post","type-post","status-publish","format-standard","has-post-thumbnail","","category-haberler-yerel","category-sana-video","category-yerel","tag-fahri-diploma","tag-gelisi-guzel-saldirilar","tag-sam-universitesi","tag-sehit-ogrenciler"],"_links":{"self":[{"href":"https:\/\/archive.sana.sy\/tr\/index.php?rest_route=\/wp\/v2\/posts\/60954","targetHints":{"allow":["GET"]}}],"collection":[{"href":"https:\/\/archive.sana.sy\/tr\/index.php?rest_route=\/wp\/v2\/posts"}],"about":[{"href":"https:\/\/archive.sana.sy\/tr\/index.php?rest_route=\/wp\/v2\/types\/post"}],"author":[{"embeddable":true,"href":"https:\/\/archive.sana.sy\/tr\/index.php?rest_route=\/wp\/v2\/users\/1"}],"replies":[{"embeddable":true,"href":"https:\/\/archive.sana.sy\/tr\/index.php?rest_route=%2Fwp%2Fv2%2Fcomments&post=60954"}],"version-history":[{"count":0,"href":"https:\/\/archive.sana.sy\/tr\/index.php?rest_route=\/wp\/v2\/posts\/60954\/revisions"}],"wp:featuredmedia":[{"embeddable":true,"href":"https:\/\/archive.sana.sy\/tr\/index.php?rest_route=\/wp\/v2\/media\/60955"}],"wp:attachment":[{"href":"https:\/\/archive.sana.sy\/tr\/index.php?rest_route=%2Fwp%2Fv2%2Fmedia&parent=60954"}],"wp:term":[{"taxonomy":"category","embeddable":true,"href":"https:\/\/archive.sana.sy\/tr\/index.php?rest_route=%2Fwp%2Fv2%2Fcategories&post=60954"},{"taxonomy":"post_tag","embeddable":true,"href":"https:\/\/archive.sana.sy\/tr\/index.php?rest_route=%2Fwp%2Fv2%2Ftags&post=60954"}],"curies":[{"name":"wp","href":"https:\/\/api.w.org\/{rel}","templated":true}]}}