{"id":60958,"date":"2016-02-10T13:55:29","date_gmt":"2016-02-10T11:55:29","guid":{"rendered":"http:\/\/www.sana.sy\/tr\/?p=60958"},"modified":"2016-02-10T15:36:35","modified_gmt":"2016-02-10T13:36:35","slug":"teroristler-kizilhac-ve-kizilay-araclarina-ates-acti","status":"publish","type":"post","link":"https:\/\/archive.sana.sy\/tr\/?p=60958","title":{"rendered":"Ter\u00f6ristler K\u0131z\u0131lha\u00e7 ve K\u0131z\u0131lay Ara\u00e7lar\u0131na Ate\u015f A\u00e7t\u0131"},"content":{"rendered":"<p>\u015eAM KIRSALI \u2013 Ba\u015fta Erdo\u011fan rejimi ve Al Suud rejimleri olmak \u00fczere kimi rejimlerin \u2018\u0131l\u0131ml\u0131 muhalifler\u2019 ad\u0131 alt\u0131nda destekledikleri ter\u00f6r \u00f6rg\u00fctleri \u015eam k\u0131rsal\u0131 Madaya Beldesinde insani durumlar\u0131 k\u00f6t\u00fcle\u015fen vatanda\u015flar\u0131 beldeden \u00e7\u0131karmak i\u00e7in girmeye \u00e7al\u0131\u015fan Suriye K\u0131z\u0131lay \u00d6rg\u00fct\u00fc ve Uluslararas\u0131 K\u0131z\u0131lha\u00e7 \u00d6rg\u00fct\u00fc ara\u00e7lar\u0131na otomatik silahlarla ate\u015f a\u00e7t\u0131lar.<\/p>\n<p>SANA\u2019ya a\u00e7\u0131klama yapan saha kaynaklar\u0131; tekfirci ter\u00f6ristlerin a\u00e7t\u0131klar\u0131 ate\u015f sonucunda insani durumu koordine eden doktor ve koordinat\u00f6r\u00fcn yaraland\u0131klar\u0131n\u0131 belirtti.<\/p>\n<p>https:\/\/www.youtube.com\/watch?v=8ZcctXHTkM4<\/p>\n","protected":false},"excerpt":{"rendered":"<p>\u015eAM KIRSALI \u2013 Ba\u015fta Erdo\u011fan rejimi ve Al Suud rejimleri olmak \u00fczere kimi rejimlerin \u2018\u0131l\u0131ml\u0131 muhalifler\u2019 ad\u0131 alt\u0131nda destekledikleri ter\u00f6r \u00f6rg\u00fctleri \u015eam k\u0131rsal\u0131 Madaya Beldesinde insani durumlar\u0131 k\u00f6t\u00fcle\u015fen vatanda\u015flar\u0131 beldeden \u00e7\u0131karmak i\u00e7in girmeye \u00e7al\u0131\u015fan Suriye K\u0131z\u0131lay \u00d6rg\u00fct\u00fc ve Uluslararas\u0131 K\u0131z\u0131lha\u00e7 \u00d6rg\u00fct\u00fc ara\u00e7lar\u0131na otomatik silahlarla ate\u015f a\u00e7t\u0131lar. SANA\u2019ya a\u00e7\u0131klama yapan saha kaynaklar\u0131; tekfirci ter\u00f6ristlerin a\u00e7t\u0131klar\u0131 ate\u015f &hellip;<\/p>\n","protected":false},"author":1,"featured_media":60959,"comment_status":"closed","ping_status":"closed","sticky":false,"template":"","format":"standard","meta":{"footnotes":""},"categories":[596,479,575,18295,17988,478],"tags":[18237,18519,18492,19128,18493,19129,18445,2297,19034,2930],"class_list":["post-60958","post","type-post","status-publish","format-standard","has-post-thumbnail","","category-fotografli-raporlar","category-haberler-yerel","category-olaylar-ve-gercekler","category-sana-video","category-son-haberler","category-yerel","tag-cihatcilar","tag-insani-durumlar","tag-kizilay","tag-kizilay-araclarina-ates-actilar","tag-kizilhac","tag-kizilhac-araclari","tag-madaya-beldesi","tag-sam-kirsali","tag-suriyeli-muhalifler","tag-teroristler"],"_links":{"self":[{"href":"https:\/\/archive.sana.sy\/tr\/index.php?rest_route=\/wp\/v2\/posts\/60958","targetHints":{"allow":["GET"]}}],"collection":[{"href":"https:\/\/archive.sana.sy\/tr\/index.php?rest_route=\/wp\/v2\/posts"}],"about":[{"href":"https:\/\/archive.sana.sy\/tr\/index.php?rest_route=\/wp\/v2\/types\/post"}],"author":[{"embeddable":true,"href":"https:\/\/archive.sana.sy\/tr\/index.php?rest_route=\/wp\/v2\/users\/1"}],"replies":[{"embeddable":true,"href":"https:\/\/archive.sana.sy\/tr\/index.php?rest_route=%2Fwp%2Fv2%2Fcomments&post=60958"}],"version-history":[{"count":0,"href":"https:\/\/archive.sana.sy\/tr\/index.php?rest_route=\/wp\/v2\/posts\/60958\/revisions"}],"wp:featuredmedia":[{"embeddable":true,"href":"https:\/\/archive.sana.sy\/tr\/index.php?rest_route=\/wp\/v2\/media\/60959"}],"wp:attachment":[{"href":"https:\/\/archive.sana.sy\/tr\/index.php?rest_route=%2Fwp%2Fv2%2Fmedia&parent=60958"}],"wp:term":[{"taxonomy":"category","embeddable":true,"href":"https:\/\/archive.sana.sy\/tr\/index.php?rest_route=%2Fwp%2Fv2%2Fcategories&post=60958"},{"taxonomy":"post_tag","embeddable":true,"href":"https:\/\/archive.sana.sy\/tr\/index.php?rest_route=%2Fwp%2Fv2%2Ftags&post=60958"}],"curies":[{"name":"wp","href":"https:\/\/api.w.org\/{rel}","templated":true}]}}