{"id":60961,"date":"2016-02-10T09:40:39","date_gmt":"2016-02-10T07:40:39","guid":{"rendered":"http:\/\/www.sana.sy\/tr\/?p=60961"},"modified":"2016-02-11T18:34:54","modified_gmt":"2016-02-11T16:34:54","slug":"her-seye-ragmen-efendilerinin-talimatlari-ve-destegi-ile-olabilir","status":"publish","type":"post","link":"https:\/\/archive.sana.sy\/tr\/?p=60961","title":{"rendered":"Her \u015eeye Ra\u011fmen Efendilerinin Talimatlar\u0131 ve Deste\u011fi ile Olabilir"},"content":{"rendered":"<p>\u015eAM \u2013 Suriye&#8217;nin Birle\u015fmi\u015f Milletlerdeki Daimi Temsilcisi Be\u015f\u015far el Caferi; BM Suriye \u00f6zel temsilcisi Staffan de Mistura\u2019dan ofisindeki en basit memura kadar ak\u0131l sahibi hi\u00e7bir kimsenin \u2018Cenevre III g\u00f6r\u00fc\u015fmelerinin sabote edilmesinden\u2019 Suriye Arap Cumhuriyeti heyetinin sorumlu oldu\u011funu s\u00f6ylemesinin m\u00fcmk\u00fcn olmad\u0131\u011f\u0131n\u0131 belirtti.<\/p>\n<p>L\u00fcbnanl\u0131 el Menar Televizyonu ile d\u00fcn bulundu\u011fu m\u00fclakat\u0131nda Caferi, de Mistura\u2019n\u0131n, Suriyeliler aras\u0131ndaki diyalog g\u00f6r\u00fc\u015fmelerinin ba\u015far\u0131s\u0131z oldu\u011funu ifade etmedi\u011fine dikkat \u00e7ekerken, sadece ask\u0131ya ald\u0131\u011f\u0131n\u0131 s\u00f6yledi\u011fini a\u00e7\u0131klad\u0131. Caferi; temelde zaten g\u00f6r\u00fc\u015fmelerde hi\u00e7bir cevheri meselenin tart\u0131\u015f\u0131lmad\u0131\u011f\u0131na dikkat \u00e7ekerek, t\u00fcm bu s\u00fcre i\u00e7inde sadece gerekli icraatsal meseleleri \u00e7\u00f6zmeye \u00e7al\u0131\u015ft\u0131klar\u0131n\u0131 belirtti. Daha \u00f6nce ifade etti\u011fi gibi Cenevre&#8217;de sadece haz\u0131rl\u0131k s\u00fcrecinin yap\u0131ld\u0131\u011f\u0131na dikkat \u00e7eken Caferi; kimlerin ter\u00f6rist kimlerin muhalefet oldu\u011fu, heyetlerin kim ve nerede olduklar\u0131, t\u00fcm muhalefet bile\u015fenleri ve gruplar\u0131n\u0131n e\u015fit tutulmas\u0131 gere\u011fine odakland\u0131klar\u0131n\u0131 s\u00f6yledi.<\/p>\n<p>Caferi de Mistura\u2019n\u0131n muhalefet heyetlerine davet g\u00f6ndermede BM G\u00fcvenlik Konseyinin 2254 say\u0131l\u0131 karar\u0131n\u0131 ihlal etti\u011fine dikkat \u00e7ekerken, karar gere\u011fince Suriyeliler aras\u0131nda herhangi bir d\u0131\u015f m\u00fcdahale olmadan yap\u0131lacak g\u00f6r\u00fc\u015fmelere davet edileceklerin taraflar aras\u0131nda g\u00f6r\u00fc\u015f al\u0131\u015fveri\u015fi yap\u0131larak belirlenmesinin yan\u0131 s\u0131ra t\u00fcm muhalefetin e\u015fit bir \u015fekilde temsil edilmesi gerekti\u011finin alt\u0131n\u0131 \u00e7izdi.<\/p>\n<p>Suriye a\u00e7\u0131s\u0131ndan ter\u00f6rle m\u00fccadele ve siyasi \u00e7\u00f6z\u00fcm s\u00fcrecinin birbirinden ayr\u0131 iki s\u00fcre\u00e7 oldu\u011funun bir kez daha alt\u0131n\u0131 \u00e7izen Caferi; bunun da 2254 say\u0131l\u0131 kararda a\u00e7\u0131k ve net bir \u015fekilde belirtilmi\u015f oldu\u011funu vurgulad\u0131. Caferi Suriye&#8217;nin de\u011fil de uluslar aras\u0131 toplum ve G\u00fcvenlik Konseyinin belirledi\u011fi kararlarda Suriye&#8217;de h\u00fck\u00fcmetin me\u015frulu\u011fu ve ter\u00f6re kar\u015f\u0131 m\u00fccadele hakk\u0131n\u0131n belirtildi\u011finin alt\u0131n\u0131 \u00e7izdi. Bu kararlarda Suriyeliler aras\u0131nda yap\u0131lacak diyalog g\u00f6r\u00fc\u015fmelerinin herhangi bir d\u0131\u015f m\u00fcdahale olmadan ve ter\u00f6rle m\u00fccadele s\u00fcrecine e\u015f zamanl\u0131 olarak yap\u0131lmas\u0131n\u0131n \u00f6ng\u00f6r\u00fcld\u00fc\u011f\u00fcne dikkat \u00e7eken Caferi; ayn\u0131 zamanda g\u00f6r\u00fc\u015fmelerde herhangi bir \u00f6nko\u015fulun olmamas\u0131 gere\u011finin de vurgulanmas\u0131na ra\u011fmen t\u00fcm bunlar\u0131n \u2018Riyad muhalefeti\u2019 heyeti ve destek\u00e7ileri devletler taraf\u0131ndan ihlal edildi\u011finin alt\u0131n\u0131 \u00e7izdi.<\/p>\n<p>\u2018Riyad muhalefeti\u2019 heyetinin Cenevre&#8217;ye gelir gelmez \u00f6nko\u015fullar \u00f6ne s\u00fcrd\u00fcklerine dikkat \u00e7eken Caferi; Suudi Arabistan rejiminin aleni a\u00e7\u0131klamalar\u0131nda \u00e7ekilmelerine izin vermesi ard\u0131ndan Cenevre&#8217;den \u00e7ekildiklerine vurgu yapt\u0131. Caferi T\u00fcrkiye rejiminin de Suriyeli K\u00fcrtlerin diyalog g\u00f6r\u00fc\u015fmelerine kat\u0131lmalar\u0131n\u0131 da engelledi\u011fine dikkat \u00e7ekti.<\/p>\n<p>Cenevre g\u00f6r\u00fc\u015fmelerine e\u015f zamanl\u0131 olarak Suriye&#8217;de ter\u00f6r \u00f6rg\u00fctlerinin sivillere y\u00f6nelik vah\u015fi eylemlerini t\u0131rmand\u0131rmalar\u0131n\u0131n bir\u00e7ok ger\u00e7e\u011fe net bir \u015fekilde \u0131\u015f\u0131k tuttu\u011funa dikkat \u00e7eken Caferi; bu s\u00fcre\u00e7 i\u00e7inde ter\u00f6r \u00f6rg\u00fctleri ile \u2018muhalefet\u2019 ad\u0131 verilen olu\u015fumlar ve onlar\u0131 destekleyen efendileri devletler aras\u0131ndaki ba\u011flant\u0131lar\u0131n daha \u00e7ok netlik kazand\u0131\u011f\u0131n\u0131n alt\u0131n\u0131 \u00e7izdi.<\/p>\n<p>Suriye&#8217;ye yabanc\u0131 g\u00fc\u00e7lerin kara m\u00fcdahalesi konusunda ise Caferi, T\u00fcrkiye&#8217;de Erdo\u011fan rejimi, Al Suud rejimi ve Katar \u015feyhli\u011finin be\u015f y\u0131la yak\u0131n s\u00fcredir ABD\u2019nin deste\u011fi ve \u00f6rt\u00fcs\u00fcyle tekfirci ter\u00f6r\u00fc desteklediklerine i\u015faret etti. Bu taraflar\u0131n d\u00fcnyan\u0131n her yerinden az\u0131l\u0131 katilleri ve tekfircileri toplad\u0131klar\u0131na dikkat \u00e7eken Caferi; t\u00fcm\u00fcn\u00fcn bir birinden daha radikal ve daha pervas\u0131z olduklar\u0131na vurgu yaparken, her \u015feye ra\u011fmen ABD\u2019nin talimatlar\u0131 ve deste\u011fi olmadan Suriye&#8217;ye y\u00f6nelik herhangi bir ad\u0131m atmalar\u0131n\u0131n m\u00fcmk\u00fcn olmad\u0131\u011f\u0131n\u0131 ifade etti. Caferi sonu\u00e7 itibar\u0131yla T\u00fcrkiye, Suudi Arabistan yada di\u011fer taraflar olsun Suriye&#8217;ye y\u00f6nelik atacaklar\u0131 her ad\u0131m\u0131 efendileri ABD\u2019nin talimat ve deste\u011fiyle olaca\u011f\u0131n\u0131n alt\u0131n\u0131 \u00e7izdi.<\/p>\n","protected":false},"excerpt":{"rendered":"<p>\u015eAM \u2013 Suriye&#8217;nin Birle\u015fmi\u015f Milletlerdeki Daimi Temsilcisi Be\u015f\u015far el Caferi; BM Suriye \u00f6zel temsilcisi Staffan de Mistura\u2019dan ofisindeki en basit memura kadar ak\u0131l sahibi hi\u00e7bir kimsenin \u2018Cenevre III g\u00f6r\u00fc\u015fmelerinin sabote edilmesinden\u2019 Suriye Arap Cumhuriyeti heyetinin sorumlu oldu\u011funu s\u00f6ylemesinin m\u00fcmk\u00fcn olmad\u0131\u011f\u0131n\u0131 belirtti. L\u00fcbnanl\u0131 el Menar Televizyonu ile d\u00fcn bulundu\u011fu m\u00fclakat\u0131nda Caferi, de Mistura\u2019n\u0131n, Suriyeliler aras\u0131ndaki diyalog &hellip;<\/p>\n","protected":false},"author":1,"featured_media":60962,"comment_status":"closed","ping_status":"closed","sticky":false,"template":"","format":"standard","meta":{"footnotes":""},"categories":[479,17988,2554,2555,478],"tags":[18867,18473,18499,3039],"class_list":["post-60961","post","type-post","status-publish","format-standard","has-post-thumbnail","","category-haberler-yerel","category-son-haberler","category-suriye-ve-dunya","category-suriye-ve-turkiye","category-yerel","tag-bessar-el-caferi","tag-cenevre-gorusmeleri","tag-suriye-muhalefeti","tag-turkiye"],"_links":{"self":[{"href":"https:\/\/archive.sana.sy\/tr\/index.php?rest_route=\/wp\/v2\/posts\/60961","targetHints":{"allow":["GET"]}}],"collection":[{"href":"https:\/\/archive.sana.sy\/tr\/index.php?rest_route=\/wp\/v2\/posts"}],"about":[{"href":"https:\/\/archive.sana.sy\/tr\/index.php?rest_route=\/wp\/v2\/types\/post"}],"author":[{"embeddable":true,"href":"https:\/\/archive.sana.sy\/tr\/index.php?rest_route=\/wp\/v2\/users\/1"}],"replies":[{"embeddable":true,"href":"https:\/\/archive.sana.sy\/tr\/index.php?rest_route=%2Fwp%2Fv2%2Fcomments&post=60961"}],"version-history":[{"count":0,"href":"https:\/\/archive.sana.sy\/tr\/index.php?rest_route=\/wp\/v2\/posts\/60961\/revisions"}],"wp:featuredmedia":[{"embeddable":true,"href":"https:\/\/archive.sana.sy\/tr\/index.php?rest_route=\/wp\/v2\/media\/60962"}],"wp:attachment":[{"href":"https:\/\/archive.sana.sy\/tr\/index.php?rest_route=%2Fwp%2Fv2%2Fmedia&parent=60961"}],"wp:term":[{"taxonomy":"category","embeddable":true,"href":"https:\/\/archive.sana.sy\/tr\/index.php?rest_route=%2Fwp%2Fv2%2Fcategories&post=60961"},{"taxonomy":"post_tag","embeddable":true,"href":"https:\/\/archive.sana.sy\/tr\/index.php?rest_route=%2Fwp%2Fv2%2Ftags&post=60961"}],"curies":[{"name":"wp","href":"https:\/\/api.w.org\/{rel}","templated":true}]}}