{"id":60964,"date":"2016-02-10T09:51:41","date_gmt":"2016-02-10T07:51:41","guid":{"rendered":"http:\/\/www.sana.sy\/tr\/?p=60964"},"modified":"2016-02-11T18:20:14","modified_gmt":"2016-02-11T16:20:14","slug":"ordu-turkiye-ile-sinirlarin-tamamini-kontrole-alma-kararliligindadir","status":"publish","type":"post","link":"https:\/\/archive.sana.sy\/tr\/?p=60964","title":{"rendered":"Ordu T\u00fcrkiye ile S\u0131n\u0131rlar\u0131n Tamam\u0131n\u0131 Kontrole Alma Kararl\u0131l\u0131\u011f\u0131ndad\u0131r"},"content":{"rendered":"<p>\u015eAM \u2013 Cumhurba\u015fkanl\u0131\u011f\u0131nda Siyasi ve Bas\u0131n Dan\u0131\u015fman\u0131 B\u00fcseyna \u015eaban Suriye&#8217;deki krize ger\u00e7ekten \u00e7\u00f6z\u00fcm bulmak isteyen taraflar\u0131n ter\u00f6rle m\u00fccadelenin yan\u0131 s\u0131ra b\u00f6lge devletlerinin da\u011f\u0131lmas\u0131n\u0131 engelleyip g\u00fcvenlik ve istikrar\u0131n sa\u011flanmas\u0131n\u0131 temel \u00f6ncelikleri olarak say\u0131p bu y\u00f6nde d\u00fcr\u00fcst ve etkin \u00e7abalar harcamalar\u0131 gerekti\u011finin alt\u0131n\u0131 \u00e7izdi.<\/p>\n<p>Alem Televizyonu ile d\u00fcn ak\u015fam m\u00fclakat\u0131nda \u015eaban; ter\u00f6rle m\u00fccadele \u00f6nemini her f\u0131rsatta ifade eden ve G\u00fcvenlik Konseyinde BM misak\u0131n\u0131n yedinci bendi alt\u0131nda kararlar alan uluslar aras\u0131 toplumun, bu kararlar\u0131n hayata ge\u00e7irilmesi i\u00e7in etkin ve ciddi ad\u0131mlar almad\u0131klar\u0131na dikkat \u00e7ekti. \u015eaban T\u00fcrkiye, Suudi Arabistan ve daha ba\u015fka rejimlerin d\u00fcnyan\u0131n her yerinden toplad\u0131klar\u0131 tekfirci ter\u00f6ristlere deste\u011fini s\u00fcrd\u00fcrd\u00fcklerinin alt\u0131n\u0131 \u00e7izdi.<\/p>\n<p>Suriye&#8217;de ate\u015fkesten s\u00f6z eden ve insani durumlar\u0131 politikle\u015ftiren taraflar\u0131n krizin \u00e7\u00f6z\u00fcm\u00fcn\u00fc istemedikleri gibi ter\u00f6rle m\u00fccadeleyi de kendileri engellediklerinin alt\u0131n\u0131 \u00e7izen \u015eaban; be\u015f y\u0131la yak\u0131n s\u00fcredir d\u00fcnyan\u0131n her yerinden ter\u00f6rist toplay\u0131p e\u011fitmeleri ve donatmalar\u0131 ard\u0131ndan Suriye&#8217;ye ge\u00e7iren, bu ter\u00f6ristlere her t\u00fcrl\u00fc askeri, siyasi ve mali deste\u011fi temin edenlerin de bu taraflar oldu\u011funu vurgulad\u0131. \u015eaban s\u00f6z konusu ayn\u0131 taraflar\u0131n yine Suriye&#8217;ye ekonomik yapt\u0131r\u0131mlar uygulad\u0131klar\u0131n\u0131, talimatlar\u0131yla faaliyet g\u00f6steren ter\u00f6r gruplar\u0131na da insani durumlar\u0131 k\u00f6t\u00fcle\u015ftirme talimatlar\u0131 verdiklerine dikkat \u00e7ekti. Bu taraflar\u0131n destek ve talimatlar\u0131yla faaliyet g\u00f6steren ter\u00f6ristlerin muhtelif b\u00f6lgelerde insani yard\u0131m konvoylar\u0131na sald\u0131rd\u0131klar\u0131n\u0131n alt\u0131n\u0131 \u00e7izen \u015eaban, ayn\u0131 ter\u00f6r \u00f6rg\u00fctlerin bir\u00e7ok b\u00f6lgede savunmas\u0131z sivil insanlar\u0131 canl\u0131 kalkan olarak kulland\u0131klar\u0131n\u0131, onlara g\u00f6nderilen insani yard\u0131mlar\u0131 da gasp ettiklerini ifade etti. \u015eaban t\u00fcm bu ger\u00e7eklerin art\u0131k herkes taraf\u0131ndan net bir \u015fekilde bilindi\u011fini vurgularken, kimi taraflar\u0131n a\u00e7\u0131klamalar\u0131nda ve yanda\u015f medyalar\u0131nda Suriye&#8217;deki insani durumlar\u0131 hala politikle\u015ftirmeye \u00e7al\u0131\u015ft\u0131klar\u0131n\u0131 ifade etti.<\/p>\n<p>Cenevre III g\u00f6r\u00fc\u015fmeleri konusunda ise \u015eaban; bu g\u00f6r\u00fc\u015fmelerde \u2018muhalefet\u2019 olarak adland\u0131r\u0131lan taraflar\u0131n birlik i\u00e7inde olmas\u0131n\u0131n imkans\u0131zl\u0131\u011f\u0131n\u0131 kan\u0131tlad\u0131\u011f\u0131 gibi, muhalifler olarak adland\u0131r\u0131lan bu kiral\u0131k olu\u015fumlar\u0131n da karar sahipleri olmad\u0131klar\u0131n\u0131, yabanc\u0131 ajandalara hizmet eden gruplardan ibaret olduklar\u0131n\u0131n da net bir \u015fekilde g\u00f6r\u00fcld\u00fc\u011f\u00fcn\u00fc s\u00f6yledi.<\/p>\n<p>\u015eaban Suriye ordusunun \u00f6zellikle Halep ve Lazkiye\u2019de \u00e7okuluslu tekfirci ter\u00f6re kar\u015f\u0131 sa\u011flad\u0131\u011f\u0131 ba\u015far\u0131lar\u0131n ter\u00f6r destek\u00e7ileri rejimleri ciddi derecede rahats\u0131z ettiklerine dikkat \u00e7ekerken, Cenevre III g\u00f6r\u00fc\u015fmeleri, \u00f6nko\u015fullar\u0131, insani durumlar ve ate\u015fkese ili\u015fkin t\u00fcm tutum ve a\u00e7\u0131klamalar\u0131n\u0131n temel nedeninin de bu ba\u015far\u0131lar oldu\u011funu ifade etti.<\/p>\n<p>Suudi Arabistan ve T\u00fcrkiye rejiminin Suriye&#8217;ye kara m\u00fcdahalesinde bulunma a\u00e7\u0131klamalar\u0131 konusunda ise \u015eaban; bunun da yine Suriye ordusunun ba\u015far\u0131lar\u0131n\u0131 sabote etmekle birlikte yenilgi e\u015fi\u011fine gelen ter\u00f6r \u00e7etelerinin morallerini y\u00fckseltme ama\u00e7l\u0131 oldu\u011funu ifade etti.<\/p>\n<p>\u015eaban d\u00fcnya genelinde \u00e7ok say\u0131da devletin tutumunu de\u011fi\u015ftirdi\u011fini ve diplomatik ili\u015fkileri yeniden ba\u015flatma iste\u011finde olduklar\u0131na i\u015faret etti. Suriye&#8217;nin bu s\u00fcre\u00e7 i\u00e7inde kimi devletlerin \u015eam\u2019da b\u00fcy\u00fckel\u00e7iliklerini yeniden etkinle\u015ftirme meselesiyle pek ilgilenmedi\u011fini belirten \u015eaban; bu s\u00fcre\u00e7 i\u00e7inde as\u0131l \u00f6nemli olan ter\u00f6rle m\u00fccadele ve bu y\u00f6ndeki tutum oldu\u011funun alt\u0131n\u0131 \u00e7izdi.<\/p>\n<p>Di\u011fer yandan \u015eaban Reuters ile m\u00fclakat\u0131nda ter\u00f6re kar\u015f\u0131 m\u00fccadelenin ba\u015far\u0131l\u0131 olmas\u0131 i\u00e7in ter\u00f6re deste\u011fin kesilmesi ve bu deste\u011fi temin eden devletlerin kar\u015f\u0131 etkin icraatlar\u0131n al\u0131nmas\u0131yla m\u00fcmk\u00fcn oldu\u011funu vurgulad\u0131.<\/p>\n<p>Suriye&#8217;de ter\u00f6r\u00fcn en \u00e7ok T\u00fcrkiye rejiminden destek ald\u0131\u011f\u0131n\u0131 belirten \u015eaban; Suriye ordusunun T\u00fcrkiye ile s\u0131n\u0131rlar\u0131n\u0131n tamam\u0131n\u0131 kontrol alt\u0131na alma kararl\u0131l\u0131\u011f\u0131nda oldu\u011funu vurgulad\u0131. Suriye&#8217;de ter\u00f6re son vermek i\u00e7in T\u00fcrkiye ile t\u00fcm s\u0131n\u0131rlar\u0131n tamamen kontrole al\u0131nmas\u0131n\u0131n ka\u00e7\u0131n\u0131lmaz oldu\u011funu belirtti.<\/p>\n<p>\u015eaban Suriye halk\u0131n\u0131n ya\u015fad\u0131\u011f\u0131 ac\u0131lar ve tehcir edilenlerin durumundan tamamen T\u00fcrkiye&#8217;deki rejimi sorumlu tutarken, Avrupa&#8217;n\u0131n tan\u0131k oldu\u011fu m\u00fclteci krizinin de T\u00fcrkiye rejiminin bir \u00fcr\u00fcn\u00fc oldu\u011funu s\u00f6yledi.<\/p>\n","protected":false},"excerpt":{"rendered":"<p>\u015eAM \u2013 Cumhurba\u015fkanl\u0131\u011f\u0131nda Siyasi ve Bas\u0131n Dan\u0131\u015fman\u0131 B\u00fcseyna \u015eaban Suriye&#8217;deki krize ger\u00e7ekten \u00e7\u00f6z\u00fcm bulmak isteyen taraflar\u0131n ter\u00f6rle m\u00fccadelenin yan\u0131 s\u0131ra b\u00f6lge devletlerinin da\u011f\u0131lmas\u0131n\u0131 engelleyip g\u00fcvenlik ve istikrar\u0131n sa\u011flanmas\u0131n\u0131 temel \u00f6ncelikleri olarak say\u0131p bu y\u00f6nde d\u00fcr\u00fcst ve etkin \u00e7abalar harcamalar\u0131 gerekti\u011finin alt\u0131n\u0131 \u00e7izdi. Alem Televizyonu ile d\u00fcn ak\u015fam m\u00fclakat\u0131nda \u015eaban; ter\u00f6rle m\u00fccadele \u00f6nemini her f\u0131rsatta ifade &hellip;<\/p>\n","protected":false},"author":1,"featured_media":60965,"comment_status":"closed","ping_status":"closed","sticky":false,"template":"","format":"standard","meta":{"footnotes":""},"categories":[479,17988,2554,2555,478],"tags":[19130,19131,16717,17096,18765,19132],"class_list":["post-60964","post","type-post","status-publish","format-standard","has-post-thumbnail","","category-haberler-yerel","category-son-haberler","category-suriye-ve-dunya","category-suriye-ve-turkiye","category-yerel","tag-buseyna-saban","tag-cumhurbaskanligi-basin-ve-siyasi-danismani","tag-multeciler","tag-recep-tayip-erdogan","tag-suriye-turkiye-sinirlari","tag-suriyedeki-kriz"],"_links":{"self":[{"href":"https:\/\/archive.sana.sy\/tr\/index.php?rest_route=\/wp\/v2\/posts\/60964","targetHints":{"allow":["GET"]}}],"collection":[{"href":"https:\/\/archive.sana.sy\/tr\/index.php?rest_route=\/wp\/v2\/posts"}],"about":[{"href":"https:\/\/archive.sana.sy\/tr\/index.php?rest_route=\/wp\/v2\/types\/post"}],"author":[{"embeddable":true,"href":"https:\/\/archive.sana.sy\/tr\/index.php?rest_route=\/wp\/v2\/users\/1"}],"replies":[{"embeddable":true,"href":"https:\/\/archive.sana.sy\/tr\/index.php?rest_route=%2Fwp%2Fv2%2Fcomments&post=60964"}],"version-history":[{"count":0,"href":"https:\/\/archive.sana.sy\/tr\/index.php?rest_route=\/wp\/v2\/posts\/60964\/revisions"}],"wp:featuredmedia":[{"embeddable":true,"href":"https:\/\/archive.sana.sy\/tr\/index.php?rest_route=\/wp\/v2\/media\/60965"}],"wp:attachment":[{"href":"https:\/\/archive.sana.sy\/tr\/index.php?rest_route=%2Fwp%2Fv2%2Fmedia&parent=60964"}],"wp:term":[{"taxonomy":"category","embeddable":true,"href":"https:\/\/archive.sana.sy\/tr\/index.php?rest_route=%2Fwp%2Fv2%2Fcategories&post=60964"},{"taxonomy":"post_tag","embeddable":true,"href":"https:\/\/archive.sana.sy\/tr\/index.php?rest_route=%2Fwp%2Fv2%2Ftags&post=60964"}],"curies":[{"name":"wp","href":"https:\/\/api.w.org\/{rel}","templated":true}]}}