{"id":60979,"date":"2016-02-10T09:45:52","date_gmt":"2016-02-10T07:45:52","guid":{"rendered":"http:\/\/www.sana.sy\/tr\/?p=60979"},"modified":"2016-02-10T15:33:33","modified_gmt":"2016-02-10T13:33:33","slug":"lavrov-turkiyenin-de-dahil-oldugu-abd-komutasindaki-ulusla-ararsi-koalisyonun-turkiyenin-suriyede-herhangi-bir-cilginligina-izin-verme-ihtimalinin-uzak-oldugunu-belirtti","status":"publish","type":"post","link":"https:\/\/archive.sana.sy\/tr\/?p=60979","title":{"rendered":"Lavrov T\u00fcrkiye\u2019nin de dahil oldu\u011fu ABD komutas\u0131ndaki ulusla arars\u0131 koalisyonun, T\u00fcrkiye\u2019nin Suriye\u2019de herhangi bir \u00e7\u0131lg\u0131nl\u0131\u011f\u0131na izin verme ihtimalinin uzak oldu\u011funu belirtti"},"content":{"rendered":"<p>Lavrov T\u00fcrkiye\u2019nin de dahil oldu\u011fu ABD komutas\u0131ndaki ulusla arars\u0131 koalisyonun, T\u00fcrkiye\u2019nin Suriye\u2019de herhangi bir \u00e7\u0131lg\u0131nl\u0131\u011f\u0131na izin verme ihtimalinin uzak oldu\u011funu belirtti<\/p>\n","protected":false},"excerpt":{"rendered":"<p>Lavrov T\u00fcrkiye\u2019nin de dahil oldu\u011fu ABD komutas\u0131ndaki ulusla arars\u0131 koalisyonun, T\u00fcrkiye\u2019nin Suriye\u2019de herhangi bir \u00e7\u0131lg\u0131nl\u0131\u011f\u0131na izin verme ihtimalinin uzak oldu\u011funu belirtti<\/p>\n","protected":false},"author":1,"featured_media":0,"comment_status":"closed","ping_status":"closed","sticky":false,"template":"","format":"standard","meta":{"footnotes":""},"categories":[17991],"tags":[],"class_list":["post-60979","post","type-post","status-publish","format-standard","","category-son-dakika"],"_links":{"self":[{"href":"https:\/\/archive.sana.sy\/tr\/index.php?rest_route=\/wp\/v2\/posts\/60979","targetHints":{"allow":["GET"]}}],"collection":[{"href":"https:\/\/archive.sana.sy\/tr\/index.php?rest_route=\/wp\/v2\/posts"}],"about":[{"href":"https:\/\/archive.sana.sy\/tr\/index.php?rest_route=\/wp\/v2\/types\/post"}],"author":[{"embeddable":true,"href":"https:\/\/archive.sana.sy\/tr\/index.php?rest_route=\/wp\/v2\/users\/1"}],"replies":[{"embeddable":true,"href":"https:\/\/archive.sana.sy\/tr\/index.php?rest_route=%2Fwp%2Fv2%2Fcomments&post=60979"}],"version-history":[{"count":0,"href":"https:\/\/archive.sana.sy\/tr\/index.php?rest_route=\/wp\/v2\/posts\/60979\/revisions"}],"wp:attachment":[{"href":"https:\/\/archive.sana.sy\/tr\/index.php?rest_route=%2Fwp%2Fv2%2Fmedia&parent=60979"}],"wp:term":[{"taxonomy":"category","embeddable":true,"href":"https:\/\/archive.sana.sy\/tr\/index.php?rest_route=%2Fwp%2Fv2%2Fcategories&post=60979"},{"taxonomy":"post_tag","embeddable":true,"href":"https:\/\/archive.sana.sy\/tr\/index.php?rest_route=%2Fwp%2Fv2%2Ftags&post=60979"}],"curies":[{"name":"wp","href":"https:\/\/api.w.org\/{rel}","templated":true}]}}