{"id":60986,"date":"2016-02-10T08:50:04","date_gmt":"2016-02-10T06:50:04","guid":{"rendered":"http:\/\/www.sana.sy\/tr\/?p=60986"},"modified":"2016-02-10T15:55:18","modified_gmt":"2016-02-10T13:55:18","slug":"itfaiye-ekipleri-yangini-sondurdu","status":"publish","type":"post","link":"https:\/\/archive.sana.sy\/tr\/?p=60986","title":{"rendered":"\u0130tfaiye Ekipleri Yang\u0131n\u0131 S\u00f6nd\u00fcrd\u00fc"},"content":{"rendered":"<p>\u015eAM \u2013 \u015eam \u0130tfaiye Ekipleri bug\u00fcn ba\u015fkentin Firdevs Caddesinde Uluslar aras\u0131 Planlama ve \u0130\u015fbirli\u011fi Kurumuna tabi \u0130ngilizce E\u011fitim Merkezinde meydana gelen yang\u0131n\u0131 s\u00f6nd\u00fcrd\u00fc.<\/p>\n<p>\u0130tfaiye ekibi \u015fefi Abd\u00fclhadi Dahir SANA\u2019ya yapt\u0131\u011f\u0131 a\u00e7\u0131klamada; elektrik konta\u011f\u0131 neticesinde merkezin santralinde \u00e7\u0131kan yang\u0131n\u0131n e\u011fitim salonuna s\u0131\u00e7rad\u0131\u011f\u0131n\u0131 ifade ederken, yang\u0131nda hafif yaralanan iki ki\u015finin hastaneye kald\u0131r\u0131ld\u0131\u011f\u0131n\u0131 s\u00f6yledi.<\/p>\n<p>https:\/\/www.youtube.com\/watch?v=gk_PAP46y2M<\/p>\n","protected":false},"excerpt":{"rendered":"<p>\u015eAM \u2013 \u015eam \u0130tfaiye Ekipleri bug\u00fcn ba\u015fkentin Firdevs Caddesinde Uluslar aras\u0131 Planlama ve \u0130\u015fbirli\u011fi Kurumuna tabi \u0130ngilizce E\u011fitim Merkezinde meydana gelen yang\u0131n\u0131 s\u00f6nd\u00fcrd\u00fc. \u0130tfaiye ekibi \u015fefi Abd\u00fclhadi Dahir SANA\u2019ya yapt\u0131\u011f\u0131 a\u00e7\u0131klamada; elektrik konta\u011f\u0131 neticesinde merkezin santralinde \u00e7\u0131kan yang\u0131n\u0131n e\u011fitim salonuna s\u0131\u00e7rad\u0131\u011f\u0131n\u0131 ifade ederken, yang\u0131nda hafif yaralanan iki ki\u015finin hastaneye kald\u0131r\u0131ld\u0131\u011f\u0131n\u0131 s\u00f6yledi. https:\/\/www.youtube.com\/watch?v=gk_PAP46y2M<\/p>\n","protected":false},"author":1,"featured_media":60989,"comment_status":"closed","ping_status":"closed","sticky":false,"template":"","format":"standard","meta":{"footnotes":""},"categories":[596,479,18295,17988,478],"tags":[19142],"class_list":["post-60986","post","type-post","status-publish","format-standard","has-post-thumbnail","","category-fotografli-raporlar","category-haberler-yerel","category-sana-video","category-son-haberler","category-yerel","tag-yangin"],"_links":{"self":[{"href":"https:\/\/archive.sana.sy\/tr\/index.php?rest_route=\/wp\/v2\/posts\/60986","targetHints":{"allow":["GET"]}}],"collection":[{"href":"https:\/\/archive.sana.sy\/tr\/index.php?rest_route=\/wp\/v2\/posts"}],"about":[{"href":"https:\/\/archive.sana.sy\/tr\/index.php?rest_route=\/wp\/v2\/types\/post"}],"author":[{"embeddable":true,"href":"https:\/\/archive.sana.sy\/tr\/index.php?rest_route=\/wp\/v2\/users\/1"}],"replies":[{"embeddable":true,"href":"https:\/\/archive.sana.sy\/tr\/index.php?rest_route=%2Fwp%2Fv2%2Fcomments&post=60986"}],"version-history":[{"count":0,"href":"https:\/\/archive.sana.sy\/tr\/index.php?rest_route=\/wp\/v2\/posts\/60986\/revisions"}],"wp:featuredmedia":[{"embeddable":true,"href":"https:\/\/archive.sana.sy\/tr\/index.php?rest_route=\/wp\/v2\/media\/60989"}],"wp:attachment":[{"href":"https:\/\/archive.sana.sy\/tr\/index.php?rest_route=%2Fwp%2Fv2%2Fmedia&parent=60986"}],"wp:term":[{"taxonomy":"category","embeddable":true,"href":"https:\/\/archive.sana.sy\/tr\/index.php?rest_route=%2Fwp%2Fv2%2Fcategories&post=60986"},{"taxonomy":"post_tag","embeddable":true,"href":"https:\/\/archive.sana.sy\/tr\/index.php?rest_route=%2Fwp%2Fv2%2Ftags&post=60986"}],"curies":[{"name":"wp","href":"https:\/\/api.w.org\/{rel}","templated":true}]}}