{"id":61016,"date":"2016-02-11T12:20:22","date_gmt":"2016-02-11T10:20:22","guid":{"rendered":"http:\/\/www.sana.sy\/tr\/?p=61016"},"modified":"2016-02-11T12:20:22","modified_gmt":"2016-02-11T10:20:22","slug":"guvenlik-konseyi-karari-gorusmeler-icin-onkosula-izin-vermiyor","status":"publish","type":"post","link":"https:\/\/archive.sana.sy\/tr\/?p=61016","title":{"rendered":"G\u00fcvenlik Konseyi Karar\u0131 G\u00f6r\u00fc\u015fmeler \u0130\u00e7in \u00d6nko\u015fula \u0130zin Vermiyor"},"content":{"rendered":"<p>MOSKOVA \u2013 Rusya D\u0131\u015fi\u015fleri Bakan\u0131 Sergey Lavrov ve ABD\u2019li Mevkida\u015f\u0131 John Keryy d\u00fcn yapt\u0131lar\u0131 bir telefon g\u00f6r\u00fc\u015fmesinde G\u00fcvenlik Konseyinin onaylad\u0131\u011f\u0131 2254 nolu ve Suriyeli-Suriyeli diyalogunun \u00e7er\u00e7evesini belirleyen karar\u0131n g\u00f6r\u00fc\u015fmeler i\u00e7in herhangi bir \u00f6nko\u015ful \u00f6ne s\u00fcr\u00fclmesine izin vermedi\u011fini ifade ettiler.<\/p>\n<p>Rusya D\u0131\u015fi\u015fleri Bakanl\u0131\u011f\u0131 d\u00fcn yay\u0131nlad\u0131\u011f\u0131 beyanda Lavrov ve Keryy aras\u0131ndaki telefon g\u00f6r\u00fc\u015fmesinde M\u00fcnih\u2019te d\u00fczenlenecek Suriye\u2019yi Destekleme Grubu toplant\u0131s\u0131 \u0131\u015f\u0131\u011f\u0131nda \u00e7\u00f6z\u00fcm s\u00fcrecini konu\u015ftuklar\u0131n\u0131 ifade etti.<\/p>\n<p>Bilinece\u011fi \u00fczere BM\u2019nin Suriye \u00d6zel Temsilcisi Stefan de Mistura Cenevre\u2019de d\u00fczenlenmesi planlanan Suriyeli-Suriyeli diyalog g\u00f6r\u00fc\u015fmelerinin Riyad Muhalefet Grubunun \u00f6nko\u015ful sunmas\u0131 sonucu meydana gelen problemlerden dolay\u0131 g\u00f6r\u00fc\u015fmeleri n 25 \u015eubat tarihine ertelendi\u011fini ilan etmi\u015fti.<\/p>\n","protected":false},"excerpt":{"rendered":"<p>MOSKOVA \u2013 Rusya D\u0131\u015fi\u015fleri Bakan\u0131 Sergey Lavrov ve ABD\u2019li Mevkida\u015f\u0131 John Keryy d\u00fcn yapt\u0131lar\u0131 bir telefon g\u00f6r\u00fc\u015fmesinde G\u00fcvenlik Konseyinin onaylad\u0131\u011f\u0131 2254 nolu ve Suriyeli-Suriyeli diyalogunun \u00e7er\u00e7evesini belirleyen karar\u0131n g\u00f6r\u00fc\u015fmeler i\u00e7in herhangi bir \u00f6nko\u015ful \u00f6ne s\u00fcr\u00fclmesine izin vermedi\u011fini ifade ettiler. Rusya D\u0131\u015fi\u015fleri Bakanl\u0131\u011f\u0131 d\u00fcn yay\u0131nlad\u0131\u011f\u0131 beyanda Lavrov ve Keryy aras\u0131ndaki telefon g\u00f6r\u00fc\u015fmesinde M\u00fcnih\u2019te d\u00fczenlenecek Suriye\u2019yi Destekleme &hellip;<\/p>\n","protected":false},"author":1,"featured_media":61017,"comment_status":"closed","ping_status":"closed","sticky":false,"template":"","format":"standard","meta":{"footnotes":""},"categories":[458,459,17988],"tags":[18473,19156,10651,19157],"class_list":["post-61016","post","type-post","status-publish","format-standard","has-post-thumbnail","","category-dunya1","category-haberler-arap-uluslararasi-politika","category-son-haberler","tag-cenevre-gorusmeleri","tag-john-keryy","tag-rusya-disisleri-bakani-sergey-lavrov","tag-suriye-dostlari-grubu"],"_links":{"self":[{"href":"https:\/\/archive.sana.sy\/tr\/index.php?rest_route=\/wp\/v2\/posts\/61016","targetHints":{"allow":["GET"]}}],"collection":[{"href":"https:\/\/archive.sana.sy\/tr\/index.php?rest_route=\/wp\/v2\/posts"}],"about":[{"href":"https:\/\/archive.sana.sy\/tr\/index.php?rest_route=\/wp\/v2\/types\/post"}],"author":[{"embeddable":true,"href":"https:\/\/archive.sana.sy\/tr\/index.php?rest_route=\/wp\/v2\/users\/1"}],"replies":[{"embeddable":true,"href":"https:\/\/archive.sana.sy\/tr\/index.php?rest_route=%2Fwp%2Fv2%2Fcomments&post=61016"}],"version-history":[{"count":0,"href":"https:\/\/archive.sana.sy\/tr\/index.php?rest_route=\/wp\/v2\/posts\/61016\/revisions"}],"wp:featuredmedia":[{"embeddable":true,"href":"https:\/\/archive.sana.sy\/tr\/index.php?rest_route=\/wp\/v2\/media\/61017"}],"wp:attachment":[{"href":"https:\/\/archive.sana.sy\/tr\/index.php?rest_route=%2Fwp%2Fv2%2Fmedia&parent=61016"}],"wp:term":[{"taxonomy":"category","embeddable":true,"href":"https:\/\/archive.sana.sy\/tr\/index.php?rest_route=%2Fwp%2Fv2%2Fcategories&post=61016"},{"taxonomy":"post_tag","embeddable":true,"href":"https:\/\/archive.sana.sy\/tr\/index.php?rest_route=%2Fwp%2Fv2%2Ftags&post=61016"}],"curies":[{"name":"wp","href":"https:\/\/api.w.org\/{rel}","templated":true}]}}