{"id":61079,"date":"2016-02-12T16:05:08","date_gmt":"2016-02-12T14:05:08","guid":{"rendered":"http:\/\/www.sana.sy\/tr\/?p=61079"},"modified":"2016-02-12T16:05:08","modified_gmt":"2016-02-12T14:05:08","slug":"saha-kaynaklari-sanaya-aciklamalarinda-ordu-birliklerimizin-halk-savunma-gucleriyle-isbirligi-icinde-halep-kirsalinin-kuzeyinde-teroristleri-sayi-ve-techizatlariyla-buyuk-kayiplara-ugratmala","status":"publish","type":"post","link":"https:\/\/archive.sana.sy\/tr\/?p=61079","title":{"rendered":"Saha kaynaklar\u0131 SANA\u2019ya a\u00e7\u0131klamalar\u0131nda; ordu birliklerimizin Halk Savunma G\u00fc\u00e7leriyle i\u015fbirli\u011fi i\u00e7inde Halep k\u0131rsal\u0131n\u0131n kuzeyinde ter\u00f6ristleri say\u0131 ve te\u00e7hizatlar\u0131yla b\u00fcy\u00fck kay\u0131plara u\u011fratmalar\u0131 ard\u0131ndan Zahret el Karea Tepesi ve Zahret el Kandile Tepesinin yan\u0131 s\u0131ra Tamura Tepelerini kontrollerine ald\u0131klar\u0131n\u0131 s\u00f6yledi"},"content":{"rendered":"<p>Saha kaynaklar\u0131 SANA\u2019ya a\u00e7\u0131klamalar\u0131nda; ordu birliklerimizin Halk Savunma G\u00fc\u00e7leriyle i\u015fbirli\u011fi i\u00e7inde Halep k\u0131rsal\u0131n\u0131n kuzeyinde ter\u00f6ristleri say\u0131 ve te\u00e7hizatlar\u0131yla b\u00fcy\u00fck kay\u0131plara u\u011fratmalar\u0131 ard\u0131ndan Zahret el Karea Tepesi ve Zahret el Kandile Tepesinin yan\u0131 s\u0131ra Tamura Tepelerini kontrollerine ald\u0131klar\u0131n\u0131 s\u00f6yledi<\/p>\n","protected":false},"excerpt":{"rendered":"<p>Saha kaynaklar\u0131 SANA\u2019ya a\u00e7\u0131klamalar\u0131nda; ordu birliklerimizin Halk Savunma G\u00fc\u00e7leriyle i\u015fbirli\u011fi i\u00e7inde Halep k\u0131rsal\u0131n\u0131n kuzeyinde ter\u00f6ristleri say\u0131 ve te\u00e7hizatlar\u0131yla b\u00fcy\u00fck kay\u0131plara u\u011fratmalar\u0131 ard\u0131ndan Zahret el Karea Tepesi ve Zahret el Kandile Tepesinin yan\u0131 s\u0131ra Tamura Tepelerini kontrollerine ald\u0131klar\u0131n\u0131 s\u00f6yledi<\/p>\n","protected":false},"author":1,"featured_media":0,"comment_status":"closed","ping_status":"closed","sticky":false,"template":"","format":"standard","meta":{"footnotes":""},"categories":[17991],"tags":[],"class_list":["post-61079","post","type-post","status-publish","format-standard","","category-son-dakika"],"_links":{"self":[{"href":"https:\/\/archive.sana.sy\/tr\/index.php?rest_route=\/wp\/v2\/posts\/61079","targetHints":{"allow":["GET"]}}],"collection":[{"href":"https:\/\/archive.sana.sy\/tr\/index.php?rest_route=\/wp\/v2\/posts"}],"about":[{"href":"https:\/\/archive.sana.sy\/tr\/index.php?rest_route=\/wp\/v2\/types\/post"}],"author":[{"embeddable":true,"href":"https:\/\/archive.sana.sy\/tr\/index.php?rest_route=\/wp\/v2\/users\/1"}],"replies":[{"embeddable":true,"href":"https:\/\/archive.sana.sy\/tr\/index.php?rest_route=%2Fwp%2Fv2%2Fcomments&post=61079"}],"version-history":[{"count":0,"href":"https:\/\/archive.sana.sy\/tr\/index.php?rest_route=\/wp\/v2\/posts\/61079\/revisions"}],"wp:attachment":[{"href":"https:\/\/archive.sana.sy\/tr\/index.php?rest_route=%2Fwp%2Fv2%2Fmedia&parent=61079"}],"wp:term":[{"taxonomy":"category","embeddable":true,"href":"https:\/\/archive.sana.sy\/tr\/index.php?rest_route=%2Fwp%2Fv2%2Fcategories&post=61079"},{"taxonomy":"post_tag","embeddable":true,"href":"https:\/\/archive.sana.sy\/tr\/index.php?rest_route=%2Fwp%2Fv2%2Ftags&post=61079"}],"curies":[{"name":"wp","href":"https:\/\/api.w.org\/{rel}","templated":true}]}}