{"id":61081,"date":"2016-02-12T17:30:52","date_gmt":"2016-02-12T15:30:52","guid":{"rendered":"http:\/\/www.sana.sy\/tr\/?p=61081"},"modified":"2016-02-13T13:54:38","modified_gmt":"2016-02-13T11:54:38","slug":"samin-talebini-degerlendiririz","status":"publish","type":"post","link":"https:\/\/archive.sana.sy\/tr\/?p=61081","title":{"rendered":"\u015eam\u2019\u0131n Talebini De\u011ferlendiririz"},"content":{"rendered":"<p>MOSKOVA \u2013 Kolektif G\u00fcvenlik Anla\u015fmas\u0131 \u00d6rg\u00fct\u00fc Genel Sekreteri Nikolay Bordyuja, \u015eam\u2019\u0131n \u00f6rg\u00fcte kat\u0131lma talebi takdim etmesi halinde \u00f6rg\u00fct\u00fcn bu talebi de\u011ferlendirece\u011fini belirtti.<\/p>\n<p>\u00d6rg\u00fct Genel Sekreteri bug\u00fcn Moskova\u2019da d\u00fczenledi\u011fi bas\u0131n toplant\u0131s\u0131nda; Suriye&#8217;nin \u00f6rg\u00fcte kat\u0131lma \u00e7abalar\u0131 konusunda hi\u00e7bir \u015fey bilmedi\u011fi s\u00f6ylerken; fakat \u015eam\u2019\u0131n ba\u015fvuru talebinde bulunmas\u0131 halinde \u00f6rg\u00fct kurulunun bu talebi mevcut icraatlar \u00e7er\u00e7evesinde inceleme ve de\u011ferlendirmeye alaca\u011f\u0131n\u0131 ifade etti.<\/p>\n<p>B\u00f6lgesel bir ortak g\u00fcvenlik \u00f6rg\u00fct\u00fc olan Kolektif G\u00fcvenlik Anla\u015fmas\u0131 \u00d6rg\u00fct\u00fc Rusya, Beyaz Rusya, Ermenistan, Kazakistan, K\u0131rg\u0131zistan ve Tacikistan\u2019dan olu\u015fuyor.<\/p>\n<p>Suriye&#8217;nin Moskova B\u00fcy\u00fckel\u00e7isi Riyad Haddad d\u00fcn Moskova\u2019da s\u00f6z konusu \u00f6rg\u00fct ba\u015fkan\u0131 ile g\u00f6r\u00fc\u015fmesinde ter\u00f6re kar\u015f\u0131 m\u00fccadelede Suriye ile \u00f6rg\u00fct aras\u0131nda ortak i\u015fbirli\u011fini masaya yat\u0131rm\u0131\u015f, iki taraf aras\u0131nda ileti\u015fimin s\u00fcrd\u00fcr\u00fclmesi \u00fczerine anla\u015fm\u0131\u015flard\u0131.<\/p>\n","protected":false},"excerpt":{"rendered":"<p>MOSKOVA \u2013 Kolektif G\u00fcvenlik Anla\u015fmas\u0131 \u00d6rg\u00fct\u00fc Genel Sekreteri Nikolay Bordyuja, \u015eam\u2019\u0131n \u00f6rg\u00fcte kat\u0131lma talebi takdim etmesi halinde \u00f6rg\u00fct\u00fcn bu talebi de\u011ferlendirece\u011fini belirtti. \u00d6rg\u00fct Genel Sekreteri bug\u00fcn Moskova\u2019da d\u00fczenledi\u011fi bas\u0131n toplant\u0131s\u0131nda; Suriye&#8217;nin \u00f6rg\u00fcte kat\u0131lma \u00e7abalar\u0131 konusunda hi\u00e7bir \u015fey bilmedi\u011fi s\u00f6ylerken; fakat \u015eam\u2019\u0131n ba\u015fvuru talebinde bulunmas\u0131 halinde \u00f6rg\u00fct kurulunun bu talebi mevcut icraatlar \u00e7er\u00e7evesinde inceleme ve de\u011ferlendirmeye &hellip;<\/p>\n","protected":false},"author":1,"featured_media":61082,"comment_status":"closed","ping_status":"closed","sticky":false,"template":"","format":"standard","meta":{"footnotes":""},"categories":[458,459,17988],"tags":[19167],"class_list":["post-61081","post","type-post","status-publish","format-standard","has-post-thumbnail","","category-dunya1","category-haberler-arap-uluslararasi-politika","category-son-haberler","tag-samin-talebini-degerlendiririz"],"_links":{"self":[{"href":"https:\/\/archive.sana.sy\/tr\/index.php?rest_route=\/wp\/v2\/posts\/61081","targetHints":{"allow":["GET"]}}],"collection":[{"href":"https:\/\/archive.sana.sy\/tr\/index.php?rest_route=\/wp\/v2\/posts"}],"about":[{"href":"https:\/\/archive.sana.sy\/tr\/index.php?rest_route=\/wp\/v2\/types\/post"}],"author":[{"embeddable":true,"href":"https:\/\/archive.sana.sy\/tr\/index.php?rest_route=\/wp\/v2\/users\/1"}],"replies":[{"embeddable":true,"href":"https:\/\/archive.sana.sy\/tr\/index.php?rest_route=%2Fwp%2Fv2%2Fcomments&post=61081"}],"version-history":[{"count":0,"href":"https:\/\/archive.sana.sy\/tr\/index.php?rest_route=\/wp\/v2\/posts\/61081\/revisions"}],"wp:featuredmedia":[{"embeddable":true,"href":"https:\/\/archive.sana.sy\/tr\/index.php?rest_route=\/wp\/v2\/media\/61082"}],"wp:attachment":[{"href":"https:\/\/archive.sana.sy\/tr\/index.php?rest_route=%2Fwp%2Fv2%2Fmedia&parent=61081"}],"wp:term":[{"taxonomy":"category","embeddable":true,"href":"https:\/\/archive.sana.sy\/tr\/index.php?rest_route=%2Fwp%2Fv2%2Fcategories&post=61081"},{"taxonomy":"post_tag","embeddable":true,"href":"https:\/\/archive.sana.sy\/tr\/index.php?rest_route=%2Fwp%2Fv2%2Ftags&post=61081"}],"curies":[{"name":"wp","href":"https:\/\/api.w.org\/{rel}","templated":true}]}}