{"id":61085,"date":"2016-02-12T12:32:42","date_gmt":"2016-02-12T10:32:42","guid":{"rendered":"http:\/\/www.sana.sy\/tr\/?p=61085"},"modified":"2016-02-13T13:52:28","modified_gmt":"2016-02-13T11:52:28","slug":"suriye-ordusu-karada-basariyla-gorevini-yerine-getirmektedir%e2%80%8f","status":"publish","type":"post","link":"https:\/\/archive.sana.sy\/tr\/?p=61085","title":{"rendered":"Suriye Ordusu Karada Ba\u015far\u0131yla G\u00f6revini Yerine Getirmektedir\u200f"},"content":{"rendered":"<p>MOSKOVA \u2013 Rusya Ba\u015fbakan\u0131 Dimitry Medvedev; ter\u00f6re kar\u015f\u0131 sava\u015f\u0131n uluslar aras\u0131 kanun ve kararlara uygun bir \u015fekilde olmas\u0131n\u0131n yan\u0131nda ilgili t\u00fcm devletlerin ulusal egemenlikleri ve toprak b\u00fct\u00fcnl\u00fcklerine sayg\u0131 \u00e7er\u00e7evesinde olmas\u0131 gere\u011finin alt\u0131n\u0131 \u00e7izdi.<\/p>\n<p>Rus Sputnik Ajans\u0131yla bug\u00fcn m\u00fclakat\u0131nda Medvedev; Suriye&#8217;de I\u015e\u0130D\u2019e kar\u015f\u0131 sava\u015fta hava operasyonlar\u0131n\u0131n yeterli olmad\u0131\u011f\u0131n\u0131 bir ger\u00e7ek oldu\u011funu ifade ederken, fakat Suriye ordusunun karada I\u015e\u0130D ve di\u011fer ter\u00f6r \u00f6rg\u00fctlere kar\u015f\u0131 ba\u015far\u0131yla sava\u015ft\u0131\u011f\u0131n\u0131n alt\u0131n\u0131 \u00e7izdi. Medvedev ABD komutas\u0131ndaki uluslar aras\u0131 koalisyon taraf\u0131ndan Suriye&#8217;de kara g\u00fc\u00e7leri konu\u015fland\u0131rma karar\u0131 almadan \u00f6nce, Suriye ve halk\u0131n\u0131n bunu isteyip istemedi\u011finden emin olunmas\u0131 \u00f6nemine vurgu yapt\u0131. Suriye&#8217;de yabanc\u0131 g\u00fc\u00e7ler konu\u015fland\u0131rman\u0131n daha fazla kurbanlar\u0131n gitmesine ve \u00e7\u00f6z\u00fcm f\u0131rsat\u0131n\u0131n yok olmas\u0131na yol a\u00e7abilece\u011fine dikkat \u00e7eken Medvedev; ABD\u2019nin Rusya&#8217;n\u0131n Suriye&#8217;de \u00e7\u00f6z\u00fcm \u00e7abalar\u0131n\u0131 engelledi\u011fini belirtti.<\/p>\n<p>Medvedev Rusya&#8217;n\u0131n tek ba\u015f\u0131na d\u00fcnya lideri olma \u00e7abas\u0131nda oldu\u011fu su\u00e7lamalar\u0131n ger\u00e7ek ve mant\u0131kla ilgisi olmad\u0131\u011f\u0131na vurgu yaparken, hi\u00e7bir devletin uluslar aras\u0131 meseleleri tek ba\u015f\u0131na almas\u0131 ve bu meseleleri \u00e7\u00f6zmesinin kesinlikle m\u00fcmk\u00fcn olmad\u0131\u011f\u0131n\u0131n alt\u0131n\u0131 \u00e7izdi.<\/p>\n<p>Rusya&#8217;n\u0131n t\u00fcm d\u00fcnya devletleri ile kar\u015f\u0131l\u0131kl\u0131 sayg\u0131 ve \u00e7\u0131karlar \u00e7er\u00e7evesinde ili\u015fkilerini geli\u015ftirme \u00e7abas\u0131nda oldu\u011funu belirten Medvedev; tarih boyunca ili\u015fkilerinin bunu net bir \u015fekilde kan\u0131tlad\u0131\u011f\u0131na dikkat \u00e7ekti.<\/p>\n","protected":false},"excerpt":{"rendered":"<p>MOSKOVA \u2013 Rusya Ba\u015fbakan\u0131 Dimitry Medvedev; ter\u00f6re kar\u015f\u0131 sava\u015f\u0131n uluslar aras\u0131 kanun ve kararlara uygun bir \u015fekilde olmas\u0131n\u0131n yan\u0131nda ilgili t\u00fcm devletlerin ulusal egemenlikleri ve toprak b\u00fct\u00fcnl\u00fcklerine sayg\u0131 \u00e7er\u00e7evesinde olmas\u0131 gere\u011finin alt\u0131n\u0131 \u00e7izdi. Rus Sputnik Ajans\u0131yla bug\u00fcn m\u00fclakat\u0131nda Medvedev; Suriye&#8217;de I\u015e\u0130D\u2019e kar\u015f\u0131 sava\u015fta hava operasyonlar\u0131n\u0131n yeterli olmad\u0131\u011f\u0131n\u0131 bir ger\u00e7ek oldu\u011funu ifade ederken, fakat Suriye ordusunun &hellip;<\/p>\n","protected":false},"author":1,"featured_media":61086,"comment_status":"closed","ping_status":"closed","sticky":false,"template":"","format":"standard","meta":{"footnotes":""},"categories":[458,459,17988],"tags":[],"class_list":["post-61085","post","type-post","status-publish","format-standard","has-post-thumbnail","","category-dunya1","category-haberler-arap-uluslararasi-politika","category-son-haberler"],"_links":{"self":[{"href":"https:\/\/archive.sana.sy\/tr\/index.php?rest_route=\/wp\/v2\/posts\/61085","targetHints":{"allow":["GET"]}}],"collection":[{"href":"https:\/\/archive.sana.sy\/tr\/index.php?rest_route=\/wp\/v2\/posts"}],"about":[{"href":"https:\/\/archive.sana.sy\/tr\/index.php?rest_route=\/wp\/v2\/types\/post"}],"author":[{"embeddable":true,"href":"https:\/\/archive.sana.sy\/tr\/index.php?rest_route=\/wp\/v2\/users\/1"}],"replies":[{"embeddable":true,"href":"https:\/\/archive.sana.sy\/tr\/index.php?rest_route=%2Fwp%2Fv2%2Fcomments&post=61085"}],"version-history":[{"count":0,"href":"https:\/\/archive.sana.sy\/tr\/index.php?rest_route=\/wp\/v2\/posts\/61085\/revisions"}],"wp:featuredmedia":[{"embeddable":true,"href":"https:\/\/archive.sana.sy\/tr\/index.php?rest_route=\/wp\/v2\/media\/61086"}],"wp:attachment":[{"href":"https:\/\/archive.sana.sy\/tr\/index.php?rest_route=%2Fwp%2Fv2%2Fmedia&parent=61085"}],"wp:term":[{"taxonomy":"category","embeddable":true,"href":"https:\/\/archive.sana.sy\/tr\/index.php?rest_route=%2Fwp%2Fv2%2Fcategories&post=61085"},{"taxonomy":"post_tag","embeddable":true,"href":"https:\/\/archive.sana.sy\/tr\/index.php?rest_route=%2Fwp%2Fv2%2Ftags&post=61085"}],"curies":[{"name":"wp","href":"https:\/\/api.w.org\/{rel}","templated":true}]}}