{"id":61088,"date":"2016-02-12T17:34:47","date_gmt":"2016-02-12T15:34:47","guid":{"rendered":"http:\/\/www.sana.sy\/tr\/?p=61088"},"modified":"2016-02-13T13:54:47","modified_gmt":"2016-02-13T11:54:47","slug":"deyrezzorda-onlarca-isidli-olduruldu","status":"publish","type":"post","link":"https:\/\/archive.sana.sy\/tr\/?p=61088","title":{"rendered":"Deyrezzor\u2019da Onlarca I\u015e\u0130D\u2019li \u00d6ld\u00fcr\u00fcld\u00fc"},"content":{"rendered":"<p>DEYREZZOR \u2013 Kahraman ordu birliklerimiz Deyrezzor k\u0131rsal\u0131n\u0131n Serda Da\u011f\u0131nda I\u015e\u0130D\u2019in y\u00fcksek say\u0131da tekfirciyle askeri noktalara sald\u0131r\u0131 giri\u015fimlerini \u00e7\u00f6kertirlerken; Halk Direni\u015f gruplar\u0131 ise Albukemal B\u00f6lgesinde I\u015e\u0130D\u2019li 22 ter\u00f6risti \u00f6ld\u00fcrd\u00fc.<\/p>\n<p>SANA\u2019ya a\u00e7\u0131klama yapan askeri bir kaynak ordu birliklerimizin Deyrezzor Havaliman\u0131n\u0131n g\u00fcneyine d\u00fc\u015fen Serda Da\u011f\u0131nda askeri noktalara sald\u0131r\u0131 giri\u015fimlerinde bulunan I\u015e\u0130D s\u00fcr\u00fclerine kar\u015f\u0131 koyarak onlarca tekfirciyi \u00f6l\u00fc yaral\u0131 d\u00fc\u015f\u00fcrd\u00fcklerini belirtti. Kaynak \u015fiddetli \u00e7at\u0131\u015fmalarda 25\u2019ten fazla ter\u00f6ristin \u00f6ld\u00fcr\u00fclmesi ve 57 mm kalibreli bir topun monte edildi\u011fi bir kamyonun imha edilmesi ard\u0131ndan ka\u00e7an ter\u00f6ristleri kovalama ve etkisizle\u015ftirme operasyonlar\u0131n\u0131n devam etti\u011fini s\u00f6yledi.<\/p>\n<p>\u0130l k\u0131rsal\u0131n\u0131n bat\u0131s\u0131 B\u011fayliye K\u00f6y\u00fc yak\u0131nlar\u0131nda a\u011f\u0131r silahla donat\u0131lm\u0131\u015f bir arac\u0131n imha edildi\u011fini belirten kaynak, burada da \u00e7ok say\u0131da tekfircinin \u00f6l\u00fc yaral\u0131 d\u00fc\u015f\u00fcr\u00fcld\u00fc\u011f\u00fcn\u00fc s\u00f6zlerine ekledi.<\/p>\n<p>Di\u011fer yandan yerel kaynaklar Deyrezzor iline tabi Albukemal Kentinde Halk Direni\u015fi Gruplar\u0131n\u0131n eski pasaport dairesi binas\u0131nda bulunan I\u015e\u0130D \u00e7etelerine kar\u015f\u0131 operasyon d\u00fczenlediklerini s\u00f6yledi. Operasyonda 22 tekfircinin \u00f6ld\u00fcr\u00fcld\u00fc\u011f\u00fcne dikkat \u00e7eken kaynaklar; aralar\u0131nda I\u015e\u0130D\u2019in s\u00f6zde g\u00fcvenlik sorumlusu \u2018Ebu Yasir\u2019 ve daha ba\u015fka tehlikeli isimlerin bulundu\u011funu s\u00f6yledi.<\/p>\n<p>Halk Direni\u015f G\u00fc\u00e7lerinin kentteki Elektrik \u015eirketi binas\u0131 yak\u0131nlar\u0131nda I\u015e\u0130D\u2019in s\u00f6zde hapishane g\u00fcvenlik sorumlusu \u2018Ebu el Velid\u2019 lakapl\u0131 ter\u00f6r eleba\u015f\u0131na ek olarak aralar\u0131nda bir Libyal\u0131n\u0131n bulundu\u011fu 3 korumas\u0131n\u0131 \u00f6ld\u00fcrd\u00fcklerini belirten kaynaklar, Deyrezzor \u2013 Haseke otoyolu \u00fczerinden de ger\u00e7ekle\u015ftirdikleri nitelikli bir operasyonla aralar\u0131nda bir Irakl\u0131 ve bir M\u0131s\u0131rl\u0131n\u0131n bulundu\u011fu 5 ter\u00f6risti \u00f6ld\u00fcrd\u00fcklerini belirtti.<\/p>\n","protected":false},"excerpt":{"rendered":"<p>DEYREZZOR \u2013 Kahraman ordu birliklerimiz Deyrezzor k\u0131rsal\u0131n\u0131n Serda Da\u011f\u0131nda I\u015e\u0130D\u2019in y\u00fcksek say\u0131da tekfirciyle askeri noktalara sald\u0131r\u0131 giri\u015fimlerini \u00e7\u00f6kertirlerken; Halk Direni\u015f gruplar\u0131 ise Albukemal B\u00f6lgesinde I\u015e\u0130D\u2019li 22 ter\u00f6risti \u00f6ld\u00fcrd\u00fc. SANA\u2019ya a\u00e7\u0131klama yapan askeri bir kaynak ordu birliklerimizin Deyrezzor Havaliman\u0131n\u0131n g\u00fcneyine d\u00fc\u015fen Serda Da\u011f\u0131nda askeri noktalara sald\u0131r\u0131 giri\u015fimlerinde bulunan I\u015e\u0130D s\u00fcr\u00fclerine kar\u015f\u0131 koyarak onlarca tekfirciyi \u00f6l\u00fc yaral\u0131 &hellip;<\/p>\n","protected":false},"author":1,"featured_media":61075,"comment_status":"closed","ping_status":"closed","sticky":false,"template":"","format":"standard","meta":{"footnotes":""},"categories":[575,17988],"tags":[19168],"class_list":["post-61088","post","type-post","status-publish","format-standard","has-post-thumbnail","","category-olaylar-ve-gercekler","category-son-haberler","tag-deyrezzorda-onlarca-isidli-olduruldu"],"_links":{"self":[{"href":"https:\/\/archive.sana.sy\/tr\/index.php?rest_route=\/wp\/v2\/posts\/61088","targetHints":{"allow":["GET"]}}],"collection":[{"href":"https:\/\/archive.sana.sy\/tr\/index.php?rest_route=\/wp\/v2\/posts"}],"about":[{"href":"https:\/\/archive.sana.sy\/tr\/index.php?rest_route=\/wp\/v2\/types\/post"}],"author":[{"embeddable":true,"href":"https:\/\/archive.sana.sy\/tr\/index.php?rest_route=\/wp\/v2\/users\/1"}],"replies":[{"embeddable":true,"href":"https:\/\/archive.sana.sy\/tr\/index.php?rest_route=%2Fwp%2Fv2%2Fcomments&post=61088"}],"version-history":[{"count":0,"href":"https:\/\/archive.sana.sy\/tr\/index.php?rest_route=\/wp\/v2\/posts\/61088\/revisions"}],"wp:featuredmedia":[{"embeddable":true,"href":"https:\/\/archive.sana.sy\/tr\/index.php?rest_route=\/wp\/v2\/media\/61075"}],"wp:attachment":[{"href":"https:\/\/archive.sana.sy\/tr\/index.php?rest_route=%2Fwp%2Fv2%2Fmedia&parent=61088"}],"wp:term":[{"taxonomy":"category","embeddable":true,"href":"https:\/\/archive.sana.sy\/tr\/index.php?rest_route=%2Fwp%2Fv2%2Fcategories&post=61088"},{"taxonomy":"post_tag","embeddable":true,"href":"https:\/\/archive.sana.sy\/tr\/index.php?rest_route=%2Fwp%2Fv2%2Ftags&post=61088"}],"curies":[{"name":"wp","href":"https:\/\/api.w.org\/{rel}","templated":true}]}}