{"id":61090,"date":"2016-02-12T10:00:16","date_gmt":"2016-02-12T08:00:16","guid":{"rendered":"http:\/\/www.sana.sy\/tr\/?p=61090"},"modified":"2016-02-13T13:54:32","modified_gmt":"2016-02-13T11:54:32","slug":"suriyeye-yabanci-guclerin-varligina-izin-verilemez","status":"publish","type":"post","link":"https:\/\/archive.sana.sy\/tr\/?p=61090","title":{"rendered":"Suriye\u2019de Yabanc\u0131 G\u00fc\u00e7lerin Varl\u0131\u011f\u0131na \u0130zin Verilemez"},"content":{"rendered":"<p>BA\u011eDAT \u2013 Rusya Ba\u015fbakan\u0131 Yard\u0131mc\u0131s\u0131 Dmitry Rogozin, Suriye\u2019de herhangi bir devletin kara kuvvetlerinin bulunmas\u0131na izin verilmeyece\u011fini vurgulad\u0131.<\/p>\n<p>Irak D\u0131\u015fi\u015fleri Bakan\u0131 \u0130brahim el Caferi ile d\u00fcn Ba\u011fdat\u2019ta yapt\u0131\u011f\u0131 g\u00f6r\u00fc\u015fmenin ard\u0131ndan d\u00fczenlenen ortak bas\u0131n konferans\u0131na kat\u0131lan Rogozin; Rusya\u2019n\u0131n Suriye devletinden gelen talep \u00fczerine Suriye\u2019de bulunan ter\u00f6r mevkilerine y\u00f6nelik hava operasyonlar\u0131 d\u00fczenledi\u011fini dile getirerek bu \u00e7er\u00e7evede Suriye Silahl\u0131 Kuvvetlerine de ihtiya\u00e7 duyduklar\u0131 te\u00e7hizat deste\u011fini sunduklar\u0131n\u0131 belirtti.<\/p>\n<p>Ter\u00f6re kar\u015f\u0131 operasyonlar\u0131n \u00e7evre \u00fclke s\u0131n\u0131rlar\u0131n\u0131 kapsayacak \u015fekilde geni\u015fletilmesi i\u00e7in s\u00f6z konusu \u00fclkelerde bu y\u00f6nde talep gelmesi gerekti\u011fine i\u015faret eden Rogozin; Suriye halk\u0131 ve Suriye Silahl\u0131 Kuvvetlerinin as\u0131l amac\u0131n\u0131n \u00fclke topraklar\u0131n\u0131 ter\u00f6rden tamamen ar\u0131nd\u0131rmak oldu\u011funun alt\u0131n\u0131 \u00e7izdi.<\/p>\n<p>Rogozin; \u00fclkesinin ter\u00f6re kar\u015f\u0131 Irak sava\u015f u\u00e7aklar\u0131n\u0131 da her t\u00fcrl\u00fc donan\u0131mla desteklemeye haz\u0131r oldu\u011funu ekledi.<\/p>\n","protected":false},"excerpt":{"rendered":"<p>BA\u011eDAT \u2013 Rusya Ba\u015fbakan\u0131 Yard\u0131mc\u0131s\u0131 Dmitry Rogozin, Suriye\u2019de herhangi bir devletin kara kuvvetlerinin bulunmas\u0131na izin verilmeyece\u011fini vurgulad\u0131. Irak D\u0131\u015fi\u015fleri Bakan\u0131 \u0130brahim el Caferi ile d\u00fcn Ba\u011fdat\u2019ta yapt\u0131\u011f\u0131 g\u00f6r\u00fc\u015fmenin ard\u0131ndan d\u00fczenlenen ortak bas\u0131n konferans\u0131na kat\u0131lan Rogozin; Rusya\u2019n\u0131n Suriye devletinden gelen talep \u00fczerine Suriye\u2019de bulunan ter\u00f6r mevkilerine y\u00f6nelik hava operasyonlar\u0131 d\u00fczenledi\u011fini dile getirerek bu \u00e7er\u00e7evede Suriye Silahl\u0131 &hellip;<\/p>\n","protected":false},"author":1,"featured_media":61091,"comment_status":"closed","ping_status":"closed","sticky":false,"template":"","format":"standard","meta":{"footnotes":""},"categories":[458,459,17988],"tags":[19169],"class_list":["post-61090","post","type-post","status-publish","format-standard","has-post-thumbnail","","category-dunya1","category-haberler-arap-uluslararasi-politika","category-son-haberler","tag-suriyeye-yabanci-guclerin-varligina-izin-verilemez"],"_links":{"self":[{"href":"https:\/\/archive.sana.sy\/tr\/index.php?rest_route=\/wp\/v2\/posts\/61090","targetHints":{"allow":["GET"]}}],"collection":[{"href":"https:\/\/archive.sana.sy\/tr\/index.php?rest_route=\/wp\/v2\/posts"}],"about":[{"href":"https:\/\/archive.sana.sy\/tr\/index.php?rest_route=\/wp\/v2\/types\/post"}],"author":[{"embeddable":true,"href":"https:\/\/archive.sana.sy\/tr\/index.php?rest_route=\/wp\/v2\/users\/1"}],"replies":[{"embeddable":true,"href":"https:\/\/archive.sana.sy\/tr\/index.php?rest_route=%2Fwp%2Fv2%2Fcomments&post=61090"}],"version-history":[{"count":0,"href":"https:\/\/archive.sana.sy\/tr\/index.php?rest_route=\/wp\/v2\/posts\/61090\/revisions"}],"wp:featuredmedia":[{"embeddable":true,"href":"https:\/\/archive.sana.sy\/tr\/index.php?rest_route=\/wp\/v2\/media\/61091"}],"wp:attachment":[{"href":"https:\/\/archive.sana.sy\/tr\/index.php?rest_route=%2Fwp%2Fv2%2Fmedia&parent=61090"}],"wp:term":[{"taxonomy":"category","embeddable":true,"href":"https:\/\/archive.sana.sy\/tr\/index.php?rest_route=%2Fwp%2Fv2%2Fcategories&post=61090"},{"taxonomy":"post_tag","embeddable":true,"href":"https:\/\/archive.sana.sy\/tr\/index.php?rest_route=%2Fwp%2Fv2%2Ftags&post=61090"}],"curies":[{"name":"wp","href":"https:\/\/api.w.org\/{rel}","templated":true}]}}