{"id":61093,"date":"2016-02-12T17:47:44","date_gmt":"2016-02-12T15:47:44","guid":{"rendered":"http:\/\/www.sana.sy\/tr\/?p=61093"},"modified":"2016-02-12T17:47:44","modified_gmt":"2016-02-12T15:47:44","slug":"askeri-kaynak-ordu-birliklerimizin-hama-kirsalinin-dogusunda-katil-erdogan-rejimine-bagli-teroristlerin-son-mevkilerini-imha-etmeleri-ve-onlarca-teroristi-oldurmeleri-ardindan-selemiye-esri","status":"publish","type":"post","link":"https:\/\/archive.sana.sy\/tr\/?p=61093","title":{"rendered":"Askeri kaynak; ordu birliklerimizin Hama k\u0131rsal\u0131n\u0131n do\u011fusunda katil Erdo\u011fan rejimine ba\u011fl\u0131 ter\u00f6ristlerin son mevkilerini imha etmeleri ve onlarca ter\u00f6risti \u00f6ld\u00fcrmeleri ard\u0131ndan Selemiye \u2013 Esriya yoluna d\u00fc\u015fen Cub el Saad ve Resm Ammun k\u00f6ylerine ilaveten civarlar\u0131ndaki tepeleri kontrollerine ge\u00e7irdiklerini beyan etti"},"content":{"rendered":"<p>Askeri kaynak; ordu birliklerimizin Hama k\u0131rsal\u0131n\u0131n do\u011fusunda katil Erdo\u011fan rejimine ba\u011fl\u0131 ter\u00f6ristlerin son mevkilerini imha etmeleri ve onlarca ter\u00f6risti \u00f6ld\u00fcrmeleri ard\u0131ndan Selemiye \u2013 Esriya yoluna d\u00fc\u015fen Cub el Saad ve Resm Ammun k\u00f6ylerine ilaveten civarlar\u0131ndaki tepeleri kontrollerine ge\u00e7irdiklerini beyan etti<\/p>\n","protected":false},"excerpt":{"rendered":"<p>Askeri kaynak; ordu birliklerimizin Hama k\u0131rsal\u0131n\u0131n do\u011fusunda katil Erdo\u011fan rejimine ba\u011fl\u0131 ter\u00f6ristlerin son mevkilerini imha etmeleri ve onlarca ter\u00f6risti \u00f6ld\u00fcrmeleri ard\u0131ndan Selemiye \u2013 Esriya yoluna d\u00fc\u015fen Cub el Saad ve Resm Ammun k\u00f6ylerine ilaveten civarlar\u0131ndaki tepeleri kontrollerine ge\u00e7irdiklerini beyan etti<\/p>\n","protected":false},"author":1,"featured_media":0,"comment_status":"closed","ping_status":"closed","sticky":false,"template":"","format":"standard","meta":{"footnotes":""},"categories":[17991],"tags":[],"class_list":["post-61093","post","type-post","status-publish","format-standard","","category-son-dakika"],"_links":{"self":[{"href":"https:\/\/archive.sana.sy\/tr\/index.php?rest_route=\/wp\/v2\/posts\/61093","targetHints":{"allow":["GET"]}}],"collection":[{"href":"https:\/\/archive.sana.sy\/tr\/index.php?rest_route=\/wp\/v2\/posts"}],"about":[{"href":"https:\/\/archive.sana.sy\/tr\/index.php?rest_route=\/wp\/v2\/types\/post"}],"author":[{"embeddable":true,"href":"https:\/\/archive.sana.sy\/tr\/index.php?rest_route=\/wp\/v2\/users\/1"}],"replies":[{"embeddable":true,"href":"https:\/\/archive.sana.sy\/tr\/index.php?rest_route=%2Fwp%2Fv2%2Fcomments&post=61093"}],"version-history":[{"count":0,"href":"https:\/\/archive.sana.sy\/tr\/index.php?rest_route=\/wp\/v2\/posts\/61093\/revisions"}],"wp:attachment":[{"href":"https:\/\/archive.sana.sy\/tr\/index.php?rest_route=%2Fwp%2Fv2%2Fmedia&parent=61093"}],"wp:term":[{"taxonomy":"category","embeddable":true,"href":"https:\/\/archive.sana.sy\/tr\/index.php?rest_route=%2Fwp%2Fv2%2Fcategories&post=61093"},{"taxonomy":"post_tag","embeddable":true,"href":"https:\/\/archive.sana.sy\/tr\/index.php?rest_route=%2Fwp%2Fv2%2Ftags&post=61093"}],"curies":[{"name":"wp","href":"https:\/\/api.w.org\/{rel}","templated":true}]}}