{"id":61105,"date":"2016-02-12T21:14:13","date_gmt":"2016-02-12T19:14:13","guid":{"rendered":"http:\/\/www.sana.sy\/tr\/?p=61105"},"modified":"2016-02-14T13:37:40","modified_gmt":"2016-02-14T11:37:40","slug":"el-esad-afpye-roportajinda-bircok-noktayi-aydinlatti","status":"publish","type":"post","link":"https:\/\/archive.sana.sy\/tr\/?p=61105","title":{"rendered":"El Esad AFP\u2019ye R\u00f6portaj\u0131nda Bir\u00e7ok Noktay\u0131 Ayd\u0131nlatt\u0131 (video)"},"content":{"rendered":"<p>\u015eAM \u2013 Cumhurba\u015fkan\u0131 Be\u015f\u015far el Esad Frans\u0131z Haber Ajans\u0131 AFP\u2019ye (Agence France-Press) Suriye ve b\u00f6lgedeki geli\u015fmelere \u0131\u015f\u0131k tutan bir r\u00f6portaj verdi.<\/p>\n<p><span style=\"color: #0000ff\">As\u0131l Sorulmas\u0131 Gereken Soru Budur<\/span><\/p>\n<p>Bug\u00fcn yay\u0131nlanan r\u00f6portaj\u0131nda el Esad; \u2018Suriyelilerin kendi vatanlar\u0131nda ac\u0131lar ya\u015famalar\u0131 ve a\u00e7 susuz barks\u0131z kalmalar\u0131n\u0131n yan\u0131 s\u0131ra yasa d\u0131\u015f\u0131 yollarla ba\u015fka devletlere m\u00fclteci olarak ka\u00e7malar\u0131 kar\u015f\u0131s\u0131ndaki duygular\u0131na\u2019 ili\u015fkin soruya cevab\u0131nda; ku\u015fkusuz kendisinin de bu halktan oldu\u011funu ve do\u011fal olarak ayn\u0131 duygular\u0131 ya\u015fad\u0131\u011f\u0131n\u0131 ifade etti. El Esad bu durumlar\u0131n istisnas\u0131z t\u00fcm Suriyelilere ac\u0131 verdi\u011fini belirtti.<\/p>\n<p>Fakat as\u0131l sorulmas\u0131 gereken sorunun bir yetkili olarak ne yapaca\u011f\u0131 olmas\u0131 gerekti\u011fini ifade eden el Esad; burada da ayd\u0131nlat\u0131lmas\u0131 gereken bir noktan\u0131n alt\u0131n\u0131 \u00e7izdi. El Esad Suriyelilerin Suriye&#8217;de ya\u015fad\u0131\u011f\u0131 t\u00fcm ac\u0131lar ve ba\u015fka devletlere ka\u00e7malar\u0131n\u0131n temel nedeninin, kimi medya ara\u00e7lar\u0131n\u0131n iddia etti\u011fi gibi Rus hava g\u00fc\u00e7leri ve Suriye ordusunun operasyonlar\u0131 olmad\u0131\u011f\u0131na vurgu yapt\u0131. El Esad bir di\u011fer nedeninin de s\u00f6z konusu iddialarda bulunan medya ara\u00e7lar\u0131n\u0131n tabi olduklar\u0131 kimi bat\u0131l\u0131 devletlerin Suriye ve halk\u0131na y\u00f6nelik ekonomik yapt\u0131r\u0131mlar\u0131 oldu\u011funu ifade etti.<\/p>\n<p>Dolay\u0131s\u0131yla t\u00fcm bunlar\u0131n kar\u015f\u0131s\u0131nda bir Suriyeli ya da bir yetkili olarak temel \u00f6nceli\u011fini ter\u00f6rle m\u00fccadele olarak belirledi\u011fini vurgulayan el Esad; Suriye ordusu ve ter\u00f6rle m\u00fccadelede Suriye ve ordusunun yan\u0131 s\u0131ra dostlar\u0131n \u00e7abalar\u0131na dikkat \u00e7ekti.<\/p>\n<p><span style=\"color: #0000ff\">Mant\u0131k Bunu Diyor<\/span><\/p>\n<p>\u2018Suriye ordusunun sivil b\u00f6lgelere bombard\u0131manlar\u0131 ve bir k\u0131s\u0131m b\u00f6lgelere uygulad\u0131\u011f\u0131 ablukay\u0131 kald\u0131rma\u2019 konusunda bir soruya cevab\u0131nda el Esad; Suriye devleti ve Suriye ordusunun sivillere g\u00f6sterdi\u011fi \u00f6zenin bir kez daha alt\u0131n\u0131 \u00e7izdi. El Esad; Suriye devletinin bu kriz i\u00e7inde halk\u0131na en \u00e7ok ihtiya\u00e7 duydu\u011fu d\u00f6nem oldu\u011funa dikkat \u00e7ekerken, dolay\u0131s\u0131yla onlara zarar verecek yada kendisinden uzakla\u015ft\u0131racak herhangi bir eylemde bulunmas\u0131n\u0131n mant\u0131kla hi\u00e7bir ba\u011flant\u0131s\u0131 olmad\u0131\u011f\u0131n\u0131 da bir kez daha alt\u0131n\u0131 \u00e7izdi.<\/p>\n<p><a href=\"http:\/\/www.sana.sy\/tr\/wp-content\/uploads\/2016\/02\/Esad-2.jpg\"><img loading=\"lazy\" decoding=\"async\" class=\"alignright wp-image-61121 size-medium\" src=\"http:\/\/www.sana.sy\/tr\/wp-content\/uploads\/2016\/02\/Esad-2-300x200.jpg\" alt=\"Esad 2\" width=\"300\" height=\"200\" srcset=\"https:\/\/archive.sana.sy\/tr\/wp-content\/uploads\/2016\/02\/Esad-2-300x200.jpg 300w, https:\/\/archive.sana.sy\/tr\/wp-content\/uploads\/2016\/02\/Esad-2-150x100.jpg 150w, https:\/\/archive.sana.sy\/tr\/wp-content\/uploads\/2016\/02\/Esad-2.jpg 660w\" sizes=\"auto, (max-width: 300px) 100vw, 300px\" \/><\/a>Suriye ordusunun sivilleri hedef ald\u0131\u011f\u0131 y\u00f6n\u00fcndeki s\u00f6ylentilerin asl\u0131 ger\u00e7e\u011fi olmad\u0131\u011f\u0131n\u0131 ifade eden el Esad; devletin kontrol\u00fcndeki herhangi bir b\u00f6lgede silahl\u0131lar\u0131n aileleri dahil burada insanlar\u0131n birlik beraberlik i\u00e7inde ya\u015fad\u0131klar\u0131n\u0131n net bir \u015fekilde g\u00f6r\u00fcld\u00fc\u011f\u00fcn\u00fc belirtti.<\/p>\n<p>I\u015e\u0130D\u2019in bulundu\u011fu Rakka Kentini \u00f6rnek veren el Esad; devletin Rakka\u2019da bulunan vatanda\u015flara insani yard\u0131m g\u00f6nderdi\u011fini ve hatta memurlar\u0131n\u0131n maa\u015flar\u0131n\u0131 bile \u00f6demeye devam etti\u011fine dikkat \u00e7ekti.<\/p>\n<p>Bir k\u0131s\u0131m b\u00f6lgelerde her sava\u015fta oldu\u011fu gibi masum insanlar\u0131n kurban gitti\u011finin inkar edilemez bir ger\u00e7ek oldu\u011funa dikkat \u00e7eken el Esad; her sava\u015fta bunun gayet normal oldu\u011funu belirtti. El Esad; fakat genel olarak devlet politikas\u0131n\u0131n sivilleri hedef almaya de\u011fil de koruma \u00fczerinde odakland\u0131\u011f\u0131n\u0131n alt\u0131n\u0131 \u00e7izdi.<\/p>\n<p><span style=\"color: #0000ff\">D\u00f6nmeleri \u0130\u00e7in Ter\u00f6r\u00fc Yok Etmek Gerekiyor<\/span><\/p>\n<p>Suriye d\u0131\u015f\u0131na giden Suriyelilere mesaj\u0131 konusunda el Esad; ku\u015fkusuz ki Suriye&#8217;den giden her Suriyelinin vatan\u0131na d\u00f6nmesini istedi\u011fini ifade etti. El Esad fakat bunlar\u0131n d\u00f6nmelerini istemenin yeterli olmad\u0131\u011f\u0131n\u0131, bunun i\u00e7in gitme sebepleri olan ter\u00f6r\u00fc yok etmek gerekti\u011finin alt\u0131n\u0131 \u00e7izdi. Suriye&#8217;den gidenlerin \u00e7o\u011funun devlete kar\u015f\u0131 olmad\u0131klar\u0131n\u0131 ifade eden el Esad; dolay\u0131s\u0131yla ter\u00f6r\u00fcn yok edilmesi ve bu ter\u00f6r\u00fc destekleyen devletlerin desteklerine son vermeleri halinde Suriyelilerin o zaman vatanlar\u0131na d\u00f6neceklerini belirtti.<\/p>\n<p>Halep\u2019teki operasyonlardan ama\u00e7 konusunda bir soruya cevab\u0131nda da el Esad; devletin her zaman Halep\u2019te bulundu\u011funu, operasyonlardan amac\u0131n ise Halep ve T\u00fcrkiye aras\u0131ndaki yolu kesmek oldu\u011funu belirtti.<\/p>\n<p>S\u00f6zlerine devam eden el Esad Suriye&#8217;de mevcut ter\u00f6ristler i\u00e7in temel destek yolunun T\u00fcrkiye topraklar\u0131 oldu\u011funu vurgularken, bu destek hatt\u0131n\u0131 kesmenin \u00f6nemine dikkat \u00e7ekti.<\/p>\n<p>El Esad fakat askeri operasyonlar\u0131n sadece Halep\u2019te de\u011fil, kuzeyde, g\u00fcneyde, do\u011fuda ve ter\u00f6r\u00fcn bulundu\u011fu her b\u00f6lgede yo\u011fun bir \u015fekilde devam etti\u011fini vurgulad\u0131.<\/p>\n<p><span style=\"color: #0000ff\">T\u00fcm Olanaklar Kullan\u0131lacakt\u0131r<\/span><\/p>\n<p>Suriye&#8217;nin t\u00fcm topraklar\u0131n\u0131 ter\u00f6rden kurtarabilme g\u00fcc\u00fcne sahip olup olmamas\u0131n\u0131n yan\u0131 s\u0131ra bunun i\u00e7in gerekli s\u00fcre konusunda soruya cevab\u0131nda el Esad; vatan\u0131n her kar\u0131\u015f topra\u011f\u0131n\u0131n ter\u00f6rden kurtar\u0131lmas\u0131 i\u00e7in m\u00fcmk\u00fcn olan t\u00fcm olanaklar\u0131n kullan\u0131laca\u011f\u0131n\u0131 ifade etti.<\/p>\n<p>Zaman konusunda ise el Esad; bunun ter\u00f6re verilen deste\u011fin azalmas\u0131 yada \u00e7o\u011falmas\u0131na ba\u011fl\u0131 oldu\u011funu belirtti. El Esad T\u00fcrkiye ve \u00dcrd\u00fcn\u2019den ter\u00f6re deste\u011fin s\u0131n\u0131rs\u0131z bir \u015fekilde devam etti\u011fine dikkat \u00e7ekerken, T\u00fcrkiye, Suudi Arabistan ve Katar\u2019\u0131n deste\u011fi ile I\u015e\u0130D\u2019in Irak\u2019ta da bulunmas\u0131yla Irak\u2019tan da bir k\u0131s\u0131m deste\u011fin geldi\u011fini ifade etti.<\/p>\n<p><span style=\"color: #0000ff\">As\u0131l Soru, T\u00fcrkiye Rejimi Daha Ne Kadar Ter\u00f6r\u00fc Destekleyecek<\/span><\/p>\n<p>El Esad Suriye&#8217;de bar\u0131\u015f\u0131n sa\u011flanmas\u0131 i\u00e7in ne kadar bir s\u00fcre gerekti\u011finin sorulmas\u0131 yerine T\u00fcrkiye, Suudi Arabistan ve daha ba\u015fka devletlerin ter\u00f6re desteklerini daha ne kadar s\u00fcrd\u00fcrebilecekleri, Bat\u0131l\u0131 devletlerin de bu deste\u011fe daha ne kadar g\u00f6z yumacaklar\u0131 olmas\u0131 gerekti\u011finin alt\u0131n\u0131 \u00e7izdi.<\/p>\n<p><span style=\"color: #0000ff\">Her Ter\u00f6rist D\u00fc\u015fmand\u0131r<\/span><\/p>\n<p>Suriye&#8217;de en b\u00fcy\u00fck d\u00fc\u015fman\u0131n \u2018muhalifler mi\u2019, \u2018\u0130slamc\u0131lar m\u0131\u2019 yoksa I\u015e\u0130D mi oldu\u011fu y\u00f6n\u00fcnde bir soruya cevab\u0131nda el Esad; ne Fransa ne de ba\u015fka d\u00fcnyan\u0131n hi\u00e7bir devletinde devlete kar\u015f\u0131 silah ta\u015f\u0131yana \u2018muhalefet\u2019 ad\u0131n\u0131n verilmeyece\u011fini belirtti. ABD ba\u015fkan\u0131 Barack Obama\u2019n\u0131n Suriye&#8217;de \u2018\u0131l\u0131ml\u0131 muhaliflerin bir hayalden ibaret oldu\u011funu\u2019 s\u00f6yledi\u011fine dikkat \u00e7eken el Esad; Suriye&#8217;de silahl\u0131lar\u0131n b\u00fcy\u00fck \u00e7o\u011funlu\u011funun I\u015e\u0130D, Nusra Cephesi, Ahrar el \u015eam ve benzeri radikal ter\u00f6r \u00f6rg\u00fctlere tabi olduklar\u0131n\u0131 belirtti.<\/p>\n<p>S\u00f6zlerine devam eden el Esad; dolay\u0131s\u0131yla Suriye&#8217;de devlete ve halka kar\u015f\u0131 silah ta\u015f\u0131yan herkesin ter\u00f6rist say\u0131ld\u0131\u011f\u0131n\u0131, her ter\u00f6ristin de d\u00fc\u015fman oldu\u011funun alt\u0131n\u0131 \u00e7izdi.<\/p>\n<p><span style=\"color: #0000ff\">Kat\u0131 Tutumlar\u0131 Olmas\u0131na Ra\u011fmen Kimse Onlara Sald\u0131rm\u0131yor<\/span><\/p>\n<p>Suriye&#8217;de siyasi muhalefetin bulundu\u011funa ve bu muhalefete sayg\u0131 duyuldu\u011funa dikkat \u00e7eken el Esad; yurti\u00e7inde bulunan bu sayg\u0131 de\u011fer muhaliflerin y\u00f6netime kar\u015f\u0131 kat\u0131 tutumlar\u0131 olmas\u0131na ra\u011fmen onlara hi\u00e7bir sald\u0131r\u0131n\u0131n olmad\u0131\u011f\u0131na vurgu yapt\u0131.<\/p>\n<p>Suriye&#8217;de devlete kar\u015f\u0131 silah ta\u015f\u0131yan herkesin bir tutuldu\u011funa ili\u015fkin soruya cevab\u0131nda el Esad; kanuni a\u00e7\u0131dan fark\u0131n bulunmad\u0131\u011f\u0131n\u0131 belirtti. El Esad fakat radikal ideolojiye sahip silahl\u0131lar\u0131n diyalogu reddettiklerine, fark\u0131n da bu oldu\u011funa vurgu yapt\u0131. Bir\u00e7ok b\u00f6lgede ulusal uzla\u015fma yoluyla on binlerde silahl\u0131n\u0131n vatan kuca\u011f\u0131na d\u00f6nd\u00fc\u011f\u00fcne dikkat \u00e7eken el Esad; radikal diyalogu kabul eden ve vatan kuca\u011f\u0131na d\u00f6nen silahl\u0131lar\u0131n normal ya\u015famlar\u0131na d\u00f6nd\u00fcklerine vurgu yapt\u0131.<\/p>\n<p><span style=\"color: #0000ff\">Cenevre&#8217;de Suudi Arabistan, T\u00fcrkiye ve Daha Ba\u015fka Devletlerin Temsilcileri Vard\u0131<\/span><\/p>\n<p><a href=\"http:\/\/www.sana.sy\/tr\/wp-content\/uploads\/2016\/02\/Esad-3.jpg\"><img loading=\"lazy\" decoding=\"async\" class=\"alignright wp-image-61112 size-medium\" src=\"http:\/\/www.sana.sy\/tr\/wp-content\/uploads\/2016\/02\/Esad-3-300x213.jpg\" alt=\"Esad 3\" width=\"300\" height=\"213\" srcset=\"https:\/\/archive.sana.sy\/tr\/wp-content\/uploads\/2016\/02\/Esad-3-300x213.jpg 300w, https:\/\/archive.sana.sy\/tr\/wp-content\/uploads\/2016\/02\/Esad-3-150x106.jpg 150w, https:\/\/archive.sana.sy\/tr\/wp-content\/uploads\/2016\/02\/Esad-3.jpg 660w\" sizes=\"auto, (max-width: 300px) 100vw, 300px\" \/><\/a>Ahrar el \u015eam ve \u0130slam Ordusu \u00f6rg\u00fctlerinin Cenevre&#8217;de Suriye h\u00fck\u00fcmeti ile m\u00fczakerelere girdikleri y\u00f6n\u00fcnde bir soruya cevab\u0131nda el Esad; bu iki \u00f6rg\u00fct\u00fcn Suudi Arabistan\u2019\u0131n destekledi\u011fi muhalefetin bir par\u00e7as\u0131 olarak Cenevre&#8217;ye gittiklerini, Suudi rejiminin de d\u00fcnya genelinde ter\u00f6r\u00fc destekledi\u011fini belirtti. El Esad do\u011fal olarak Suudi rejimi temsil edenlerin siyasi de\u011fil de ter\u00f6rist olmalar\u0131n\u0131n gayet do\u011fal oldu\u011funu ifade etti.<\/p>\n<p>Suriyeliler aras\u0131nda yap\u0131lacak diyalog g\u00f6r\u00fc\u015fmelerinde ter\u00f6ristlerin kesinlikle yeri olmad\u0131\u011f\u0131n\u0131 belirten el Esad; Cenevre\u2019de BM Suriye \u00f6zel temsilcisi Staffan de Mistura\u2019n\u0131n arac\u0131l\u0131\u011f\u0131 ile yap\u0131lan dolayl\u0131 g\u00f6r\u00fc\u015fmelerin Suriyeliler aras\u0131nda de\u011fil de Suriyeliler ile Suudi Arabistan, T\u00fcrkiye, Katar, \u0130ngiltere, Fransa ve daha ba\u015fka devletlerin temsilcileri aras\u0131nda yap\u0131ld\u0131\u011f\u0131n\u0131n alt\u0131n\u0131 \u00e7izdi.<\/p>\n<p>Suriyeli muhaliflerin Suriye&#8217;de halk taban\u0131 olmas\u0131 gerekti\u011fini belirten el Esad; ba\u015fka devletlere ya da istihbarat cihazlar\u0131na hizmet edenlerin muhalif say\u0131lmalar\u0131n\u0131n mant\u0131kla ilgisi olmad\u0131\u011f\u0131n\u0131 vurgulad\u0131.<\/p>\n<p>Cenevre&#8217;ye gidenlerin bir k\u0131sm\u0131n\u0131n yurti\u00e7i muhalifler oldu\u011funa dikkat \u00e7eken el Esad; bir k\u0131sm\u0131n\u0131n da yurtd\u0131\u015f\u0131nda ya\u015fad\u0131\u011f\u0131n\u0131, fakat ulusalc\u0131 tutumlara sahip olup Suriye&#8217;de halk taban\u0131na sahip oldu\u011funun da bir ger\u00e7ek oldu\u011funu ifade etti.<\/p>\n<p><span style=\"color: #0000ff\">B\u00f6lgedeki Bir\u00e7ok Devletten Daha Geni\u015f Siyasi Geli\u015fmeler Var<\/span><\/p>\n<p>Daha \u00f6ncede muhalefete kar\u015f\u0131 ho\u015fg\u00f6r\u00fc konusunda el Esad; Suriye&#8217;nin bir Ortado\u011fu devleti oldu\u011funa dikkat \u00e7ekerek, her \u015feye ra\u011fmen b\u00f6lgedeki t\u00fcm devletlerden daha geni\u015f ve daha rahat siyasi geli\u015fmelere tan\u0131k oldu\u011funu s\u00f6yledi.<\/p>\n<p>El Esad bir k\u0131s\u0131m hatalar\u0131n oldu\u011funu ve bunun da gayet normal oldu\u011funu s\u00f6ylerken; Suriye&#8217;de kriz \u00f6ncesinde mevcut muhaliflerin muhtelif d\u00fc\u015f\u00fcnceleri ve ideolojilerine ra\u011fmen b\u00fcy\u00fck \u00e7o\u011funlu\u011funun rahat bir \u015fekilde muhalefet yapt\u0131klar\u0131na, kimsenin de onlara dokunmad\u0131\u011f\u0131na da dikkat \u00e7ekti.<\/p>\n<p>Her \u015feye ra\u011fmen demokrasinin bir kanun yada anayasadan olmas\u0131 ziyadesinde bir k\u00fclt\u00fcr oldu\u011funun alt\u0131n\u0131 \u00e7izen el Esad; dolay\u0131s\u0131yla kurumsal ve k\u00fclt\u00fcrel olarak geli\u015fmesi gerekti\u011fini belirtti.<\/p>\n<p><span style=\"color: #0000ff\">T\u00fcrkiye ve Suudi Arabistan\u2019\u0131n M\u00fcdahaleleri M\u00fcmk\u00fcn M\u00fcd\u00fcr<\/span><\/p>\n<p>T\u00fcrkiye ve Suudi Arabistan\u2019\u0131n s\u00f6z edildi\u011fi gibi Suriye&#8217;ye askeri m\u00fcdahale bulunma olanaklar\u0131 konusunda soruya cevab\u0131nda el Esad; mant\u0131k olarak bunun m\u00fcmk\u00fcn olmad\u0131\u011f\u0131n\u0131 belirtti.<\/p>\n<p>El Esad; fakat devlet y\u00f6netiminde ak\u0131l ve mant\u0131ktan uzak \u015fahsiyetlerin bulunmas\u0131 halinde mant\u0131\u011f\u0131n anlam\u0131 olmad\u0131\u011f\u0131na dikkat \u00e7ekti. T\u00fcrkiye&#8217;de rejim ba\u015fkan\u0131 Erdo\u011fan\u2019\u0131n da M\u00fcsl\u00fcman Karde\u015fler e\u011filimli radikal bir \u015fah\u0131s olmas\u0131yla birlikte Osmanl\u0131 hayallerinde y\u00fczmesiyle mant\u0131kl\u0131 davranmas\u0131n\u0131 beklemedi\u011fini ifade eden el Esad; \u00f6zellikle de Tunus, Libya ve M\u0131s\u0131r\u2019da ya\u015fad\u0131\u011f\u0131 hayal k\u0131r\u0131kl\u0131\u011f\u0131 ard\u0131ndan Suriye&#8217;ye m\u00fcdahale gibi davran\u0131\u015f\u0131n\u0131n m\u00fcmk\u00fcn oldu\u011funu s\u00f6yledi.<\/p>\n<p>El Esad Suudi Arabistan\u2019\u0131n da Suriye&#8217;de destekledi\u011fi ve b\u00fcy\u00fck paralar d\u00f6k\u00fcp hayallerini \u00fcstlerine kurdu\u011fu ter\u00f6ristlerin ciddi yenilgilere ya\u015fad\u0131klar\u0131na dikkat \u00e7ekerken, onun da bu gibi bir hamlede bulunmas\u0131n\u0131n uzak bir ihtimal olmad\u0131\u011f\u0131n\u0131 belirtti.<\/p>\n<p>El Esad her \u015feye ra\u011fmen b\u00f6yle bir m\u00fcdahalenin kesinlikle kolay olmayaca\u011f\u0131n\u0131, Suriye&#8217;nin de elinden gelen her olanakla kar\u015f\u0131 koyaca\u011f\u0131n\u0131 vurgulad\u0131.<\/p>\n<p><span style=\"color: #0000ff\">K\u00fcrtlere \u00d6zerklik Verecek Misiniz?<\/span><\/p>\n<p><a href=\"http:\/\/www.sana.sy\/tr\/wp-content\/uploads\/2016\/02\/Esad-5.jpg\"><img loading=\"lazy\" decoding=\"async\" class=\"alignright wp-image-61114 size-medium\" src=\"http:\/\/www.sana.sy\/tr\/wp-content\/uploads\/2016\/02\/Esad-5-300x200.jpg\" alt=\"Esad 5\" width=\"300\" height=\"200\" srcset=\"https:\/\/archive.sana.sy\/tr\/wp-content\/uploads\/2016\/02\/Esad-5-300x200.jpg 300w, https:\/\/archive.sana.sy\/tr\/wp-content\/uploads\/2016\/02\/Esad-5-150x100.jpg 150w, https:\/\/archive.sana.sy\/tr\/wp-content\/uploads\/2016\/02\/Esad-5.jpg 660w\" sizes=\"auto, (max-width: 300px) 100vw, 300px\" \/><\/a>Krizin son bulmas\u0131 ard\u0131ndan Suriye&#8217;nin kuzeyinde K\u00fcrtlere \u00f6zerk y\u00f6netim verilip verilmeyece\u011fi sorusuna cevab\u0131nda el Esad; bunun tamamen Suriye anayasas\u0131na ba\u011fl\u0131 oldu\u011funu belirtti.<\/p>\n<p>El Esad anayasan\u0131n da h\u00fck\u00fcmet taraf\u0131ndan de\u011fil de halk bile\u015fenlerinin t\u00fcm\u00fcn\u00fcn kat\u0131ld\u0131\u011f\u0131 bir referandumla belirlendi\u011finin alt\u0131n\u0131 \u00e7izdi. Dolay\u0131s\u0131yla bu meselenin gelecekte siyasi diyalogun bir par\u00e7as\u0131 olaca\u011f\u0131n\u0131 ifade eden el Esad; sorunun cevab\u0131n\u0131n yetkililerin d\u00fc\u015f\u00fcnceleriyle hi\u00e7bir ilgisi olmad\u0131\u011f\u0131n\u0131 s\u00f6yledi.<\/p>\n<p>S\u00f6zlerine devam eden el Esad; \u201cburada \u00f6nemli bir noktay\u0131 belirtmek isterim ki, K\u00fcrtler Suriye&#8217;de \u00f6nemli bir ulusal gruptur..\u201d dedi.<\/p>\n<p><span style=\"color: #0000ff\">Ruslar \u0130le Bat\u0131l\u0131lar Aras\u0131nda Fark Var<\/span><\/p>\n<p>Rusya&#8217;n\u0131n kendisini g\u00f6revden \u00e7ekilmeye ikna etti\u011fi y\u00f6n\u00fcnde bir soruya cevab\u0131nda el Esad; Ruslar\u0131n kimi Bat\u0131l\u0131lar gibi tutum ve politikalar\u0131nda ilkesiz olmad\u0131klar\u0131n\u0131 s\u00f6yledi.<\/p>\n<p>Rusya&#8217;n\u0131n kriz \u00f6ncesinde ve kriz s\u00fcresi boyunca kar\u015f\u0131l\u0131kl\u0131 sayg\u0131 emelinde team\u00fcl g\u00f6sterdiklerini belirten el Esad; Rus yetkililerin b\u00fcy\u00fck k\u00fc\u00e7\u00fck devlet ilkesinde de\u011fil de egemen iki devlet ilkesinde hareket ettiklerini vurgulad\u0131. El Esad dolay\u0131s\u0131yla Rus yetkililer ile \u015fu ana dek g\u00f6revden \u00e7ekilme konusunun kesinlikle ele al\u0131nmad\u0131\u011f\u0131n\u0131 s\u00f6yledi.<\/p>\n<p><span style=\"color: #0000ff\">Onlara Tabi Oldu\u011fumuz Ya da Olaca\u011f\u0131m\u0131z Anlam\u0131na Gelmiyor<\/span><\/p>\n<p>Suriye&#8217;nin Rusya ve \u0130ran\u2019a daimi \u00fcsler verece\u011fi ve onlara tabi olaca\u011f\u0131na ili\u015fkin soruya cevab\u0131nda el Esad; Suriye&#8217;de ba\u015fka devletlere ait askeri \u00fcslerin olmas\u0131n\u0131n, o \u00fclkelere tabi olaca\u011f\u0131 anlam\u0131na gelmedi\u011fini belirtti.<\/p>\n<p>El Esad Rusya&#8217;n\u0131n Suriye&#8217;de bir askeri \u00fcss\u00fc oldu\u011funu ifade ederken, fakat \u0130ran\u2019\u0131n \u015fu ana dek b\u00f6yle bir talepte bulunmad\u0131\u011f\u0131n\u0131 s\u00f6yledi. El Esad Suriye&#8217;de askeri \u00fcs verme meselesinin o devletin b\u00f6lgesel ve evrensel konum ve etkisine ba\u011fl\u0131 oldu\u011funu ifade etti.<\/p>\n<p><span style=\"color: #0000ff\">\u00d6nemli Olan \u015eah\u0131slar De\u011fil, Politikalard\u0131r<\/span><\/p>\n<p>ABD\u2019de ba\u015fkanl\u0131k se\u00e7imleri konusunda soruya cevab\u0131nda el Esad; Suriye&#8217;nin her zaman \u015fah\u0131slar\u0131 de\u011fil de politikalar\u0131 dikkate ald\u0131\u011f\u0131n\u0131 ifade etti.<\/p>\n<p>El Esad politikalar\u0131n da sadece \u015fah\u0131slarla de\u011fil kurumlarla da ilgisi oldu\u011funa dikkat \u00e7ekerken, Amerikal\u0131lar\u0131n se\u00e7im propagandalar\u0131nda ne dediklerinin hi\u00e7bir \u00f6nemi olmad\u0131\u011f\u0131n\u0131 belirtti.<\/p>\n<p><span style=\"color: #0000ff\">Baban\u0131z Gibi Hayat\u0131n\u0131z Boyunca Cumhurba\u015fkan\u0131 Kalacak M\u0131s\u0131n\u0131z?<\/span><\/p>\n<p>Babas\u0131 gibi hayat\u0131 boyunca cumhurba\u015fkan\u0131 kal\u0131p kalmayaca\u011f\u0131 yada herhangi bir aday\u0131 haz\u0131rlay\u0131p haz\u0131rlamad\u0131\u011f\u0131 y\u00f6n\u00fcnde bir soruya cevab\u0131nda el Esad; cumhurba\u015fkanl\u0131\u011f\u0131n\u0131n zevk al\u0131nan bir hobiden ibaret olmad\u0131\u011f\u0131n\u0131 belirtti. El Esad \u00f6zellikle bu gibi s\u00fcre\u00e7lerde sorumluluk \u00fcstlenmenin ne denli zor oldu\u011funa dikkat \u00e7ekti.<\/p>\n<p>Kendisi yerine ba\u015fka birini haz\u0131rlama konusunda ise el Esad; Suriye&#8217;nin bir mezradan ibaret olmad\u0131\u011f\u0131n\u0131, kimin cumhurba\u015fkan\u0131 olaca\u011f\u0131n\u0131 kendisinin de\u011fil de Suriye halk\u0131 ve anayasa taraf\u0131ndan belirlendi\u011fi ve belirlenece\u011finin alt\u0131n\u0131 \u00e7izdi. Cumhurba\u015fkanl\u0131\u011f\u0131 se\u00e7imleri yakla\u015ft\u0131\u011f\u0131nda durum de\u011ferlendirmesine g\u00f6re kendisinin aday olup olmayaca\u011f\u0131na karar verece\u011fini belirten el Esad; se\u00e7imlere de daha y\u0131llar s\u00fcren bir zaman oldu\u011funu ifade etti.<\/p>\n<p><span style=\"color: #0000ff\">Uluslararas\u0131 Mahkemede Yarg\u0131lanmaktan Korkuyor Musunuz?<\/span><\/p>\n<p>\u015eahsi olarak kendisine ve Suriye h\u00fck\u00fcmetine say\u0131s\u0131z su\u00e7lamalar\u0131n olmas\u0131yla uluslar aras\u0131 mahkemede yarg\u0131lanmaktan korkup korkmad\u0131\u011f\u0131 konusunda soruya cevab\u0131nda el Esad; su\u00e7lamada bulunanlar\u0131n kim ve kimlere tabi olduklar\u0131n\u0131n herkes taraf\u0131ndan bilindi\u011fine dikkat \u00e7ekti.<\/p>\n<p>El Esad; uluslar aras\u0131 kurumlar\u0131n Bat\u0131l\u0131 devletlere ve ajandalara hizmet etti\u011fine dikkat \u00e7ekerken, haz\u0131rlad\u0131klar\u0131 raporlar ve bulunduklar\u0131 su\u00e7lamalar\u0131n tarafl\u0131 olup politik hedefler ta\u015f\u0131d\u0131\u011f\u0131n\u0131n alt\u0131n\u0131 \u00e7izdi. Buna en bariz kan\u0131t\u0131n da s\u00f6z konusu rapor ve su\u00e7lamalarda Suriye&#8217;de ter\u00f6r \u00f6rg\u00fctlerin vah\u015fetlerine hi\u00e7 de\u011finilmedi\u011fine dikkat \u00e7eken el Esad; ter\u00f6r \u00f6rg\u00fctlerin Suriye&#8217;de savunmas\u0131z sivil insanlara, altyap\u0131 ve hizmet kurumlar\u0131na bulunduklar\u0131 vah\u015fi sald\u0131r\u0131lar\u0131n is e\u015fi benzeri g\u00f6r\u00fclmedi\u011fini belirtti. El Esad ayr\u0131ca raporlarda kendisine yada h\u00fck\u00fcmete kar\u015f\u0131 yap\u0131lan su\u00e7lamalarda hi\u00e7bir kan\u0131t\u0131n bulunmad\u0131\u011f\u0131n\u0131n da alt\u0131n\u0131 \u00e7izdi.<\/p>\n<p><span style=\"color: #0000ff\">Tarihi Kimin Yazaca\u011f\u0131na Ba\u011fl\u0131d\u0131r<\/span><\/p>\n<p>Tarihte kendisinin nas\u0131l an\u0131laca\u011f\u0131n\u0131 d\u00fc\u015f\u00fcnd\u00fc\u011f\u00fcne ili\u015fin soruya cevab\u0131nda el Esad; bunun s\u00f6z konusu tarihi kimin yazaca\u011f\u0131na ba\u011fl\u0131 oldu\u011funu ifade etti.<\/p>\n<p>\u00d6nemli olan\u0131n kendisinin ne d\u00fc\u015f\u00fcnd\u00fc\u011f\u00fc oldu\u011funu belirten el Esad; kendisinin vatan\u0131n\u0131 ve halk\u0131n\u0131 \u00e7ok say\u0131da devletin destekledi\u011fi ter\u00f6r ve sald\u0131r\u0131lardan koruma \u00e7abas\u0131nda oldu\u011funa inand\u0131\u011f\u0131n\u0131 vurgulad\u0131.<\/p>\n<p>https:\/\/www.youtube.com\/watch?v=tI52tqeUB9o<\/p>\n","protected":false},"excerpt":{"rendered":"<p>\u015eAM \u2013 Cumhurba\u015fkan\u0131 Be\u015f\u015far el Esad Frans\u0131z Haber Ajans\u0131 AFP\u2019ye (Agence France-Press) Suriye ve b\u00f6lgedeki geli\u015fmelere \u0131\u015f\u0131k tutan bir r\u00f6portaj verdi. As\u0131l Sorulmas\u0131 Gereken Soru Budur Bug\u00fcn yay\u0131nlanan r\u00f6portaj\u0131nda el Esad; \u2018Suriyelilerin kendi vatanlar\u0131nda ac\u0131lar ya\u015famalar\u0131 ve a\u00e7 susuz barks\u0131z kalmalar\u0131n\u0131n yan\u0131 s\u0131ra yasa d\u0131\u015f\u0131 yollarla ba\u015fka devletlere m\u00fclteci olarak ka\u00e7malar\u0131 kar\u015f\u0131s\u0131ndaki duygular\u0131na\u2019 ili\u015fkin soruya &hellip;<\/p>\n","protected":false},"author":1,"featured_media":61111,"comment_status":"closed","ping_status":"closed","sticky":false,"template":"","format":"standard","meta":{"footnotes":""},"categories":[556,559,479,611,605,2554,2555,478],"tags":[19171,17256,19172,8767,19173],"class_list":["post-61105","post","type-post","status-publish","format-standard","has-post-thumbnail","","category-basin","category-dunya-basini","category-haberler-yerel","category-roportaj","category-sayin-cumhurbaskani","category-suriye-ve-dunya","category-suriye-ve-turkiye","category-yerel","tag-afp-ajansi","tag-bessar-el-esad","tag-bolgedeki-son-durumlar","tag-cumhurbaskani","tag-suriyedeki-son-durumlar"],"_links":{"self":[{"href":"https:\/\/archive.sana.sy\/tr\/index.php?rest_route=\/wp\/v2\/posts\/61105","targetHints":{"allow":["GET"]}}],"collection":[{"href":"https:\/\/archive.sana.sy\/tr\/index.php?rest_route=\/wp\/v2\/posts"}],"about":[{"href":"https:\/\/archive.sana.sy\/tr\/index.php?rest_route=\/wp\/v2\/types\/post"}],"author":[{"embeddable":true,"href":"https:\/\/archive.sana.sy\/tr\/index.php?rest_route=\/wp\/v2\/users\/1"}],"replies":[{"embeddable":true,"href":"https:\/\/archive.sana.sy\/tr\/index.php?rest_route=%2Fwp%2Fv2%2Fcomments&post=61105"}],"version-history":[{"count":0,"href":"https:\/\/archive.sana.sy\/tr\/index.php?rest_route=\/wp\/v2\/posts\/61105\/revisions"}],"wp:featuredmedia":[{"embeddable":true,"href":"https:\/\/archive.sana.sy\/tr\/index.php?rest_route=\/wp\/v2\/media\/61111"}],"wp:attachment":[{"href":"https:\/\/archive.sana.sy\/tr\/index.php?rest_route=%2Fwp%2Fv2%2Fmedia&parent=61105"}],"wp:term":[{"taxonomy":"category","embeddable":true,"href":"https:\/\/archive.sana.sy\/tr\/index.php?rest_route=%2Fwp%2Fv2%2Fcategories&post=61105"},{"taxonomy":"post_tag","embeddable":true,"href":"https:\/\/archive.sana.sy\/tr\/index.php?rest_route=%2Fwp%2Fv2%2Ftags&post=61105"}],"curies":[{"name":"wp","href":"https:\/\/api.w.org\/{rel}","templated":true}]}}