{"id":61158,"date":"2016-02-13T10:14:00","date_gmt":"2016-02-13T08:14:00","guid":{"rendered":"http:\/\/www.sana.sy\/tr\/?p=61158"},"modified":"2016-02-13T13:05:59","modified_gmt":"2016-02-13T11:05:59","slug":"sanaya-aciklama-yapan-askeri-bir-kaynak-ordu-birliklerimizin-hama-kirsalinin-guneydogusu-selemiyenin-sathiyat-bolgesi-ile-remliye-koyu-arasindaki-alanda-isidli-10-teroristi","status":"publish","type":"post","link":"https:\/\/archive.sana.sy\/tr\/?p=61158","title":{"rendered":"SANA\u2019ya a\u00e7\u0131klama yapan askeri bir kaynak; ordu birliklerimizin Hama k\u0131rsal\u0131n\u0131n g\u00fcneydo\u011fusu Selemiye\u2019nin Sathiyat B\u00f6lgesi ile Remliye K\u00f6y\u00fc aras\u0131ndaki alanda I\u015e\u0130D\u2019li 10 ter\u00f6risti \u00f6ld\u00fcrd\u00fcklerini belirtti"},"content":{"rendered":"<p>SANA\u2019ya a\u00e7\u0131klama yapan askeri bir kaynak; ordu birliklerimizin Hama k\u0131rsal\u0131n\u0131n g\u00fcneydo\u011fusu Selemiye\u2019nin Sathiyat B\u00f6lgesi ile Remliye K\u00f6y\u00fc aras\u0131ndaki alanda I\u015e\u0130D\u2019li 10 ter\u00f6risti \u00f6ld\u00fcrd\u00fcklerini belirtti<\/p>\n","protected":false},"excerpt":{"rendered":"<p>SANA\u2019ya a\u00e7\u0131klama yapan askeri bir kaynak; ordu birliklerimizin Hama k\u0131rsal\u0131n\u0131n g\u00fcneydo\u011fusu Selemiye\u2019nin Sathiyat B\u00f6lgesi ile Remliye K\u00f6y\u00fc aras\u0131ndaki alanda I\u015e\u0130D\u2019li 10 ter\u00f6risti \u00f6ld\u00fcrd\u00fcklerini belirtti<\/p>\n","protected":false},"author":1,"featured_media":0,"comment_status":"closed","ping_status":"closed","sticky":false,"template":"","format":"standard","meta":{"footnotes":""},"categories":[17991],"tags":[],"class_list":["post-61158","post","type-post","status-publish","format-standard","","category-son-dakika"],"_links":{"self":[{"href":"https:\/\/archive.sana.sy\/tr\/index.php?rest_route=\/wp\/v2\/posts\/61158","targetHints":{"allow":["GET"]}}],"collection":[{"href":"https:\/\/archive.sana.sy\/tr\/index.php?rest_route=\/wp\/v2\/posts"}],"about":[{"href":"https:\/\/archive.sana.sy\/tr\/index.php?rest_route=\/wp\/v2\/types\/post"}],"author":[{"embeddable":true,"href":"https:\/\/archive.sana.sy\/tr\/index.php?rest_route=\/wp\/v2\/users\/1"}],"replies":[{"embeddable":true,"href":"https:\/\/archive.sana.sy\/tr\/index.php?rest_route=%2Fwp%2Fv2%2Fcomments&post=61158"}],"version-history":[{"count":0,"href":"https:\/\/archive.sana.sy\/tr\/index.php?rest_route=\/wp\/v2\/posts\/61158\/revisions"}],"wp:attachment":[{"href":"https:\/\/archive.sana.sy\/tr\/index.php?rest_route=%2Fwp%2Fv2%2Fmedia&parent=61158"}],"wp:term":[{"taxonomy":"category","embeddable":true,"href":"https:\/\/archive.sana.sy\/tr\/index.php?rest_route=%2Fwp%2Fv2%2Fcategories&post=61158"},{"taxonomy":"post_tag","embeddable":true,"href":"https:\/\/archive.sana.sy\/tr\/index.php?rest_route=%2Fwp%2Fv2%2Ftags&post=61158"}],"curies":[{"name":"wp","href":"https:\/\/api.w.org\/{rel}","templated":true}]}}