{"id":61172,"date":"2016-02-13T11:28:40","date_gmt":"2016-02-13T09:28:40","guid":{"rendered":"http:\/\/www.sana.sy\/tr\/?p=61172"},"modified":"2016-02-13T13:18:27","modified_gmt":"2016-02-13T11:18:27","slug":"rusya-basbakani-medvedev-natonun-ulkesine-karsi-dusmanci-bir-politika-izledigini-ifade-ederek-rusya-ile-nato-arasindaki-iliskilerin-soguk-savas-doneminde-oldugu-gibi-kotuye-yuvarlandigina-dik","status":"publish","type":"post","link":"https:\/\/archive.sana.sy\/tr\/?p=61172","title":{"rendered":"Rusya Ba\u015fbakan\u0131 Medvedev NATO\u2019nun \u00fclkesine kar\u015f\u0131 d\u00fc\u015fmanc\u0131 bir politika izledi\u011fini ifade ederek Rusya ile NATO aras\u0131ndaki ili\u015fkilerin so\u011fuk sava\u015f d\u00f6neminde oldu\u011fu gibi k\u00f6t\u00fcye yuvarland\u0131\u011f\u0131na dikkat \u00e7ekti"},"content":{"rendered":"<p>Rusya Ba\u015fbakan\u0131 Medvedev NATO\u2019nun \u00fclkesine kar\u015f\u0131 d\u00fc\u015fmanc\u0131 bir politika izledi\u011fini ifade ederek Rusya ile NATO aras\u0131ndaki ili\u015fkilerin so\u011fuk sava\u015f d\u00f6neminde oldu\u011fu gibi k\u00f6t\u00fcye yuvarland\u0131\u011f\u0131na dikkat \u00e7ekti<\/p>\n","protected":false},"excerpt":{"rendered":"<p>Rusya Ba\u015fbakan\u0131 Medvedev NATO\u2019nun \u00fclkesine kar\u015f\u0131 d\u00fc\u015fmanc\u0131 bir politika izledi\u011fini ifade ederek Rusya ile NATO aras\u0131ndaki ili\u015fkilerin so\u011fuk sava\u015f d\u00f6neminde oldu\u011fu gibi k\u00f6t\u00fcye yuvarland\u0131\u011f\u0131na dikkat \u00e7ekti<\/p>\n","protected":false},"author":1,"featured_media":0,"comment_status":"closed","ping_status":"closed","sticky":false,"template":"","format":"standard","meta":{"footnotes":""},"categories":[17991],"tags":[],"class_list":["post-61172","post","type-post","status-publish","format-standard","","category-son-dakika"],"_links":{"self":[{"href":"https:\/\/archive.sana.sy\/tr\/index.php?rest_route=\/wp\/v2\/posts\/61172","targetHints":{"allow":["GET"]}}],"collection":[{"href":"https:\/\/archive.sana.sy\/tr\/index.php?rest_route=\/wp\/v2\/posts"}],"about":[{"href":"https:\/\/archive.sana.sy\/tr\/index.php?rest_route=\/wp\/v2\/types\/post"}],"author":[{"embeddable":true,"href":"https:\/\/archive.sana.sy\/tr\/index.php?rest_route=\/wp\/v2\/users\/1"}],"replies":[{"embeddable":true,"href":"https:\/\/archive.sana.sy\/tr\/index.php?rest_route=%2Fwp%2Fv2%2Fcomments&post=61172"}],"version-history":[{"count":0,"href":"https:\/\/archive.sana.sy\/tr\/index.php?rest_route=\/wp\/v2\/posts\/61172\/revisions"}],"wp:attachment":[{"href":"https:\/\/archive.sana.sy\/tr\/index.php?rest_route=%2Fwp%2Fv2%2Fmedia&parent=61172"}],"wp:term":[{"taxonomy":"category","embeddable":true,"href":"https:\/\/archive.sana.sy\/tr\/index.php?rest_route=%2Fwp%2Fv2%2Fcategories&post=61172"},{"taxonomy":"post_tag","embeddable":true,"href":"https:\/\/archive.sana.sy\/tr\/index.php?rest_route=%2Fwp%2Fv2%2Ftags&post=61172"}],"curies":[{"name":"wp","href":"https:\/\/api.w.org\/{rel}","templated":true}]}}