{"id":61176,"date":"2016-02-13T13:29:11","date_gmt":"2016-02-13T11:29:11","guid":{"rendered":"http:\/\/www.sana.sy\/tr\/?p=61176"},"modified":"2016-02-15T11:42:28","modified_gmt":"2016-02-15T09:42:28","slug":"teroristler-trafoya-saldirdi","status":"publish","type":"post","link":"https:\/\/archive.sana.sy\/tr\/?p=61176","title":{"rendered":"Ter\u00f6ristler Trafoya Sald\u0131rd\u0131"},"content":{"rendered":"<p>DERA \u2013 Ba\u015fta T\u00fcrkiye\u2019deki Erdo\u011fan rejimi olmak \u00fczere Suudi Arabistan ve daha ba\u015fka rejimlerin \u2018muhalifler\u2019 olarak adland\u0131rd\u0131klar\u0131 tekfirci ter\u00f6ristler bug\u00fcn Dera k\u0131rsal\u0131 Hurbat Gazale Beldesinde, Dera Kentine elektrik enerjisi temin eden ana trafoya sald\u0131rd\u0131.<\/p>\n<p>Dera Valili\u011finde bir kaynak SANA\u2019ya yapt\u0131\u011f\u0131 a\u00e7\u0131klamada; \u0130srail destekli tekfirci ve hain ter\u00f6ristlerin trafoyu sabote etmeleriyle Dera Kentinin elektriksiz kald\u0131\u011f\u0131n\u0131 belirtti.<\/p>\n<p>Bu arada Suriye ve halk\u0131na d\u00fc\u015fman yabanc\u0131 devletlerin ajandalar\u0131na hizmet eden tekfirci ve hain ter\u00f6ristler muhtelif b\u00f6lgelerde halka bask\u0131 uygulamakla birlikte d\u00fcnya kamuoyunda propaganda olarak kulland\u0131klar\u0131 insani durumlar\u0131 k\u00f6t\u00fcle\u015ftirmek i\u00e7in her f\u0131rsatta altyap\u0131 ve hizmet kurumlar\u0131n\u0131 sabote ediyor.<\/p>\n","protected":false},"excerpt":{"rendered":"<p>DERA \u2013 Ba\u015fta T\u00fcrkiye\u2019deki Erdo\u011fan rejimi olmak \u00fczere Suudi Arabistan ve daha ba\u015fka rejimlerin \u2018muhalifler\u2019 olarak adland\u0131rd\u0131klar\u0131 tekfirci ter\u00f6ristler bug\u00fcn Dera k\u0131rsal\u0131 Hurbat Gazale Beldesinde, Dera Kentine elektrik enerjisi temin eden ana trafoya sald\u0131rd\u0131. Dera Valili\u011finde bir kaynak SANA\u2019ya yapt\u0131\u011f\u0131 a\u00e7\u0131klamada; \u0130srail destekli tekfirci ve hain ter\u00f6ristlerin trafoyu sabote etmeleriyle Dera Kentinin elektriksiz kald\u0131\u011f\u0131n\u0131 belirtti. &hellip;<\/p>\n","protected":false},"author":1,"featured_media":61180,"comment_status":"closed","ping_status":"closed","sticky":false,"template":"","format":"standard","meta":{"footnotes":""},"categories":[479,575,17988,478],"tags":[18237,19186,18723,18347,18674,19185],"class_list":["post-61176","post","type-post","status-publish","format-standard","has-post-thumbnail","","category-haberler-yerel","category-olaylar-ve-gercekler","category-son-haberler","category-yerel","tag-cihatcilar","tag-israil-destekli-teroristler","tag-muhalifler","tag-oso","tag-silahli-muhalifler","tag-teroristler-trafoya-saldirdi"],"_links":{"self":[{"href":"https:\/\/archive.sana.sy\/tr\/index.php?rest_route=\/wp\/v2\/posts\/61176","targetHints":{"allow":["GET"]}}],"collection":[{"href":"https:\/\/archive.sana.sy\/tr\/index.php?rest_route=\/wp\/v2\/posts"}],"about":[{"href":"https:\/\/archive.sana.sy\/tr\/index.php?rest_route=\/wp\/v2\/types\/post"}],"author":[{"embeddable":true,"href":"https:\/\/archive.sana.sy\/tr\/index.php?rest_route=\/wp\/v2\/users\/1"}],"replies":[{"embeddable":true,"href":"https:\/\/archive.sana.sy\/tr\/index.php?rest_route=%2Fwp%2Fv2%2Fcomments&post=61176"}],"version-history":[{"count":0,"href":"https:\/\/archive.sana.sy\/tr\/index.php?rest_route=\/wp\/v2\/posts\/61176\/revisions"}],"wp:featuredmedia":[{"embeddable":true,"href":"https:\/\/archive.sana.sy\/tr\/index.php?rest_route=\/wp\/v2\/media\/61180"}],"wp:attachment":[{"href":"https:\/\/archive.sana.sy\/tr\/index.php?rest_route=%2Fwp%2Fv2%2Fmedia&parent=61176"}],"wp:term":[{"taxonomy":"category","embeddable":true,"href":"https:\/\/archive.sana.sy\/tr\/index.php?rest_route=%2Fwp%2Fv2%2Fcategories&post=61176"},{"taxonomy":"post_tag","embeddable":true,"href":"https:\/\/archive.sana.sy\/tr\/index.php?rest_route=%2Fwp%2Fv2%2Ftags&post=61176"}],"curies":[{"name":"wp","href":"https:\/\/api.w.org\/{rel}","templated":true}]}}