{"id":61209,"date":"2016-02-13T10:30:11","date_gmt":"2016-02-13T08:30:11","guid":{"rendered":"http:\/\/www.sana.sy\/tr\/?p=61209"},"modified":"2016-02-15T11:35:35","modified_gmt":"2016-02-15T09:35:35","slug":"iki-rus-savas-gemisi-akdenize-ilerliyor","status":"publish","type":"post","link":"https:\/\/archive.sana.sy\/tr\/?p=61209","title":{"rendered":"\u0130ki Rus Sava\u015f Gemisi Akdeniz\u2019e \u0130lerliyor"},"content":{"rendered":"<p>MOSKOVA \u2013 Rus Karadeniz Filosunun bas\u0131n ofisi m\u00fcd\u00fcr\u00fc Vyacheslav Trukhachyov Zeleni f\u00fcze kruvaz\u00f6r\u00fc gemisinin Sivastopol \u00dcss\u00fcnden ayr\u0131larak Akdeniz y\u00f6n\u00fcnde ilerlemeye ba\u015flad\u0131\u011f\u0131n\u0131 belirtti.<\/p>\n<p>Rus Sputnik Ajans\u0131n\u0131n aktard\u0131\u011f\u0131 bas\u0131n a\u00e7\u0131klamalar\u0131nda Trukhachyov; K\u0131r\u0131m Yar\u0131madas\u0131ndaki Sivastopal \u00dcss\u00fcnden iki sava\u015f gemisinin Akdeniz\u2019de mevcut Rus donanma birliklerine kat\u0131lma y\u00f6n\u00fcnde ilerlediklerini s\u00f6yledi.<\/p>\n","protected":false},"excerpt":{"rendered":"<p>MOSKOVA \u2013 Rus Karadeniz Filosunun bas\u0131n ofisi m\u00fcd\u00fcr\u00fc Vyacheslav Trukhachyov Zeleni f\u00fcze kruvaz\u00f6r\u00fc gemisinin Sivastopol \u00dcss\u00fcnden ayr\u0131larak Akdeniz y\u00f6n\u00fcnde ilerlemeye ba\u015flad\u0131\u011f\u0131n\u0131 belirtti. Rus Sputnik Ajans\u0131n\u0131n aktard\u0131\u011f\u0131 bas\u0131n a\u00e7\u0131klamalar\u0131nda Trukhachyov; K\u0131r\u0131m Yar\u0131madas\u0131ndaki Sivastopal \u00dcss\u00fcnden iki sava\u015f gemisinin Akdeniz\u2019de mevcut Rus donanma birliklerine kat\u0131lma y\u00f6n\u00fcnde ilerlediklerini s\u00f6yledi.<\/p>\n","protected":false},"author":1,"featured_media":61213,"comment_status":"closed","ping_status":"closed","sticky":false,"template":"","format":"standard","meta":{"footnotes":""},"categories":[458,459,17988],"tags":[19197],"class_list":["post-61209","post","type-post","status-publish","format-standard","has-post-thumbnail","","category-dunya1","category-haberler-arap-uluslararasi-politika","category-son-haberler","tag-iki-rus-savas-gemisi-akdenize-ilerliyor"],"_links":{"self":[{"href":"https:\/\/archive.sana.sy\/tr\/index.php?rest_route=\/wp\/v2\/posts\/61209","targetHints":{"allow":["GET"]}}],"collection":[{"href":"https:\/\/archive.sana.sy\/tr\/index.php?rest_route=\/wp\/v2\/posts"}],"about":[{"href":"https:\/\/archive.sana.sy\/tr\/index.php?rest_route=\/wp\/v2\/types\/post"}],"author":[{"embeddable":true,"href":"https:\/\/archive.sana.sy\/tr\/index.php?rest_route=\/wp\/v2\/users\/1"}],"replies":[{"embeddable":true,"href":"https:\/\/archive.sana.sy\/tr\/index.php?rest_route=%2Fwp%2Fv2%2Fcomments&post=61209"}],"version-history":[{"count":0,"href":"https:\/\/archive.sana.sy\/tr\/index.php?rest_route=\/wp\/v2\/posts\/61209\/revisions"}],"wp:featuredmedia":[{"embeddable":true,"href":"https:\/\/archive.sana.sy\/tr\/index.php?rest_route=\/wp\/v2\/media\/61213"}],"wp:attachment":[{"href":"https:\/\/archive.sana.sy\/tr\/index.php?rest_route=%2Fwp%2Fv2%2Fmedia&parent=61209"}],"wp:term":[{"taxonomy":"category","embeddable":true,"href":"https:\/\/archive.sana.sy\/tr\/index.php?rest_route=%2Fwp%2Fv2%2Fcategories&post=61209"},{"taxonomy":"post_tag","embeddable":true,"href":"https:\/\/archive.sana.sy\/tr\/index.php?rest_route=%2Fwp%2Fv2%2Ftags&post=61209"}],"curies":[{"name":"wp","href":"https:\/\/api.w.org\/{rel}","templated":true}]}}