{"id":61219,"date":"2016-02-13T15:28:20","date_gmt":"2016-02-13T13:28:20","guid":{"rendered":"http:\/\/www.sana.sy\/tr\/?p=61219"},"modified":"2016-02-15T11:40:08","modified_gmt":"2016-02-15T09:40:08","slug":"koordinasyon-olmadan-anlasma-hayata-gecirilemez","status":"publish","type":"post","link":"https:\/\/archive.sana.sy\/tr\/?p=61219","title":{"rendered":"Koordinasyon Olmadan Anla\u015fma Hayata Ge\u00e7irilemez"},"content":{"rendered":"<p>MOSKOVA \u2013 Rusya D\u0131\u015fi\u015fleri Bakan\u0131 Sergey Lavrov Suriye muhalefetinde bir k\u0131s\u0131m taraflar\u0131n diyalog g\u00f6r\u00fc\u015fmelerinin ba\u015flat\u0131lmas\u0131 i\u00e7in \u00f6nko\u015fullar dayatmaya \u00e7al\u0131\u015f\u0131p BM G\u00fcvenlik Meclisinin 2254 say\u0131l\u0131 karar\u0131n\u0131 ihlal ettiklerini belirtti.<\/p>\n<p>Lavrov s\u00f6z konusu muhaliflerin bu tutumlar\u0131yla Suriye&#8217;ye destek grubu devletlerinin Suriye&#8217;deki krizin \u00e7\u00f6z\u00fcm\u00fc i\u00e7in harcad\u0131klar\u0131 \u00e7abalar\u0131 da sabote ettiklerini belirtti.<\/p>\n<p>Lavrov M\u00fcnih Anla\u015fmas\u0131n\u0131n Rusya ve ABD aras\u0131nda askeri koordinasyon olmaks\u0131z\u0131n hayata ge\u00e7irmenin m\u00fcmk\u00fcn olmad\u0131\u011f\u0131n\u0131 vurgulad\u0131.<\/p>\n","protected":false},"excerpt":{"rendered":"<p>MOSKOVA \u2013 Rusya D\u0131\u015fi\u015fleri Bakan\u0131 Sergey Lavrov Suriye muhalefetinde bir k\u0131s\u0131m taraflar\u0131n diyalog g\u00f6r\u00fc\u015fmelerinin ba\u015flat\u0131lmas\u0131 i\u00e7in \u00f6nko\u015fullar dayatmaya \u00e7al\u0131\u015f\u0131p BM G\u00fcvenlik Meclisinin 2254 say\u0131l\u0131 karar\u0131n\u0131 ihlal ettiklerini belirtti. Lavrov s\u00f6z konusu muhaliflerin bu tutumlar\u0131yla Suriye&#8217;ye destek grubu devletlerinin Suriye&#8217;deki krizin \u00e7\u00f6z\u00fcm\u00fc i\u00e7in harcad\u0131klar\u0131 \u00e7abalar\u0131 da sabote ettiklerini belirtti. Lavrov M\u00fcnih Anla\u015fmas\u0131n\u0131n Rusya ve ABD aras\u0131nda &hellip;<\/p>\n","protected":false},"author":1,"featured_media":61221,"comment_status":"closed","ping_status":"closed","sticky":false,"template":"","format":"standard","meta":{"footnotes":""},"categories":[458,459,17988],"tags":[19199,19198,3846],"class_list":["post-61219","post","type-post","status-publish","format-standard","has-post-thumbnail","","category-dunya1","category-haberler-arap-uluslararasi-politika","category-son-haberler","tag-disisleri-bakani","tag-rusya-ve-abd-arasinda-koordinasyon-olmadan-anlasma-hayata-gecirilemez","tag-sergey-lavrov"],"_links":{"self":[{"href":"https:\/\/archive.sana.sy\/tr\/index.php?rest_route=\/wp\/v2\/posts\/61219","targetHints":{"allow":["GET"]}}],"collection":[{"href":"https:\/\/archive.sana.sy\/tr\/index.php?rest_route=\/wp\/v2\/posts"}],"about":[{"href":"https:\/\/archive.sana.sy\/tr\/index.php?rest_route=\/wp\/v2\/types\/post"}],"author":[{"embeddable":true,"href":"https:\/\/archive.sana.sy\/tr\/index.php?rest_route=\/wp\/v2\/users\/1"}],"replies":[{"embeddable":true,"href":"https:\/\/archive.sana.sy\/tr\/index.php?rest_route=%2Fwp%2Fv2%2Fcomments&post=61219"}],"version-history":[{"count":0,"href":"https:\/\/archive.sana.sy\/tr\/index.php?rest_route=\/wp\/v2\/posts\/61219\/revisions"}],"wp:featuredmedia":[{"embeddable":true,"href":"https:\/\/archive.sana.sy\/tr\/index.php?rest_route=\/wp\/v2\/media\/61221"}],"wp:attachment":[{"href":"https:\/\/archive.sana.sy\/tr\/index.php?rest_route=%2Fwp%2Fv2%2Fmedia&parent=61219"}],"wp:term":[{"taxonomy":"category","embeddable":true,"href":"https:\/\/archive.sana.sy\/tr\/index.php?rest_route=%2Fwp%2Fv2%2Fcategories&post=61219"},{"taxonomy":"post_tag","embeddable":true,"href":"https:\/\/archive.sana.sy\/tr\/index.php?rest_route=%2Fwp%2Fv2%2Ftags&post=61219"}],"curies":[{"name":"wp","href":"https:\/\/api.w.org\/{rel}","templated":true}]}}