{"id":61223,"date":"2016-02-13T15:30:11","date_gmt":"2016-02-13T13:30:11","guid":{"rendered":"http:\/\/www.sana.sy\/tr\/?p=61223"},"modified":"2016-02-13T15:30:11","modified_gmt":"2016-02-13T13:30:11","slug":"askeri-kaynak-sanaya-aciklamasinda-vatan-koruyuculari-ordu-birliklerimizin-halep-kirsalinin-dogusunda-isid-tekfircilerini-sayi-ve-ekipmanlariyla-ciddi-kayiplara-ugratmalari-ardindan-cub-el-ke","status":"publish","type":"post","link":"https:\/\/archive.sana.sy\/tr\/?p=61223","title":{"rendered":"Askeri kaynak SANA\u2019ya a\u00e7\u0131klamas\u0131nda vatan koruyucular\u0131 ordu birliklerimizin Halep k\u0131rsal\u0131n\u0131n do\u011fusunda I\u015e\u0130D tekfircilerini say\u0131 ve ekipmanlar\u0131yla ciddi kay\u0131plara u\u011fratmalar\u0131 ard\u0131ndan Cub el Kelb K\u00f6y\u00fc ve ahalisinin g\u00fcvenli\u011fini kontrollerine ge\u00e7irdiklerini belirtti"},"content":{"rendered":"<p>Askeri kaynak SANA\u2019ya a\u00e7\u0131klamas\u0131nda vatan koruyucular\u0131 ordu birliklerimizin Halep k\u0131rsal\u0131n\u0131n do\u011fusunda I\u015e\u0130D tekfircilerini say\u0131 ve ekipmanlar\u0131yla ciddi kay\u0131plara u\u011fratmalar\u0131 ard\u0131ndan Cub el Kelb K\u00f6y\u00fc ve ahalisinin g\u00fcvenli\u011fini kontrollerine ge\u00e7irdiklerini belirtti<\/p>\n","protected":false},"excerpt":{"rendered":"<p>Askeri kaynak SANA\u2019ya a\u00e7\u0131klamas\u0131nda vatan koruyucular\u0131 ordu birliklerimizin Halep k\u0131rsal\u0131n\u0131n do\u011fusunda I\u015e\u0130D tekfircilerini say\u0131 ve ekipmanlar\u0131yla ciddi kay\u0131plara u\u011fratmalar\u0131 ard\u0131ndan Cub el Kelb K\u00f6y\u00fc ve ahalisinin g\u00fcvenli\u011fini kontrollerine ge\u00e7irdiklerini belirtti<\/p>\n","protected":false},"author":1,"featured_media":0,"comment_status":"closed","ping_status":"closed","sticky":false,"template":"","format":"standard","meta":{"footnotes":""},"categories":[17991],"tags":[],"class_list":["post-61223","post","type-post","status-publish","format-standard","","category-son-dakika"],"_links":{"self":[{"href":"https:\/\/archive.sana.sy\/tr\/index.php?rest_route=\/wp\/v2\/posts\/61223","targetHints":{"allow":["GET"]}}],"collection":[{"href":"https:\/\/archive.sana.sy\/tr\/index.php?rest_route=\/wp\/v2\/posts"}],"about":[{"href":"https:\/\/archive.sana.sy\/tr\/index.php?rest_route=\/wp\/v2\/types\/post"}],"author":[{"embeddable":true,"href":"https:\/\/archive.sana.sy\/tr\/index.php?rest_route=\/wp\/v2\/users\/1"}],"replies":[{"embeddable":true,"href":"https:\/\/archive.sana.sy\/tr\/index.php?rest_route=%2Fwp%2Fv2%2Fcomments&post=61223"}],"version-history":[{"count":0,"href":"https:\/\/archive.sana.sy\/tr\/index.php?rest_route=\/wp\/v2\/posts\/61223\/revisions"}],"wp:attachment":[{"href":"https:\/\/archive.sana.sy\/tr\/index.php?rest_route=%2Fwp%2Fv2%2Fmedia&parent=61223"}],"wp:term":[{"taxonomy":"category","embeddable":true,"href":"https:\/\/archive.sana.sy\/tr\/index.php?rest_route=%2Fwp%2Fv2%2Fcategories&post=61223"},{"taxonomy":"post_tag","embeddable":true,"href":"https:\/\/archive.sana.sy\/tr\/index.php?rest_route=%2Fwp%2Fv2%2Ftags&post=61223"}],"curies":[{"name":"wp","href":"https:\/\/api.w.org\/{rel}","templated":true}]}}