{"id":61226,"date":"2016-02-13T18:51:16","date_gmt":"2016-02-13T16:51:16","guid":{"rendered":"http:\/\/www.sana.sy\/tr\/?p=61226"},"modified":"2016-02-14T15:41:50","modified_gmt":"2016-02-14T13:41:50","slug":"terore-karsi-mucadelede-basarilar-gunden-gune-buyuyor-2","status":"publish","type":"post","link":"https:\/\/archive.sana.sy\/tr\/?p=61226","title":{"rendered":"Ter\u00f6re Kar\u015f\u0131 M\u00fccadelede Ba\u015far\u0131lar G\u00fcnden G\u00fcne B\u00fcy\u00fcyor(video)"},"content":{"rendered":"<p>\u0130LLER \u2013 Kahraman ordu birliklerimiz; eli kanl\u0131 ter\u00f6ristleri kendi cehennemlerine hapsederek bu vatan topraklar\u0131nda karde\u015f\u00e7e bar\u0131\u015f ve huzur i\u00e7inde ya\u015famak isteyen vatanda\u015flar\u0131m\u0131z\u0131n ya\u015fam alanlar\u0131n\u0131 temizlemeye devam ediyorlar.<\/p>\n<p><span style=\"color: #0000ff\">HAMA:<\/span><\/p>\n<p>SANA\u2019ya a\u00e7\u0131klama yapan askeri bir kaynak; ordu birliklerimizin Hama k\u0131rsal\u0131n\u0131n g\u00fcneydo\u011fusu Selemiye\u2019nin Sathiyat B\u00f6lgesi ile Rmeyle K\u00f6y\u00fc aras\u0131ndaki alanda \u0130\u015eID ter\u00f6ristlerle \u015fiddetli \u00e7at\u0131\u015fmalara girdiklerini aktard\u0131. Kaynak ordu birliklerimizin 2 Ocak tarihinde ter\u00f6ristlerden temizleyip g\u00fcvenli\u011fi sa\u011flad\u0131\u011f\u0131 Rmeyle K\u00f6y\u00fcne sald\u0131r\u0131 giri\u015fiminde bulunan tekfircilerden 10 ter\u00f6ristin \u00f6ld\u00fcr\u00fclmesi ard\u0131ndan sa\u011f kalan ter\u00f6ristlerin silah ve ekipmanlar\u0131n\u0131 arkalar\u0131nda b\u0131rakarak ka\u00e7t\u0131klar\u0131n\u0131 belirtti.<\/p>\n<p><span style=\"color: #0000ff\">S\u00dcVEYDA:<\/span><\/p>\n<p>\u00d6te yandan askeri kaynak; ordu birliklerimizin S\u00fcveyda k\u0131rsal\u0131n\u0131n kuzeydo\u011fusu Racm el Devlet K\u00f6y\u00fcnde I\u015e\u0130D\u2019in toplanma yerlerini imha etmelerine e\u015f zamanl\u0131 olarak Kasr K\u00f6y\u00fcnde ter\u00f6rist ve cephane ta\u015f\u0131yan bir arac\u0131 tamam\u0131yla yok ettiklerini ifade etti.<\/p>\n<p><span style=\"color: #0000ff\">DERA:<\/span><\/p>\n<p>Askeri kaynak; Dera\u2019da \u0130srail\u2019den destek alan Nusra Cephesi ve di\u011fer ter\u00f6r \u00f6rg\u00fctlere y\u00f6nelik nitelikli operasyonlar\u0131n\u0131 s\u00fcrd\u00fcren ordu birliklerimizin; Dera Beled\u2019in muhtelif b\u00f6lgelerinde ter\u00f6ristlerin siper ve komuta karargahlar\u0131n\u0131 yo\u011fun ate\u015fe tuttuklar\u0131n\u0131 beyan etti. Kaynak; operasyonlarda \u00e7ok say\u0131da ter\u00f6ristin \u00f6l\u00fc ve yaral\u0131 d\u00fc\u015f\u00fcr\u00fcl\u00fcp havzalar\u0131ndaki silah ve m\u00fchimmatlar\u0131n\u0131n yan\u0131 s\u0131ra bir k\u0131sm\u0131 a\u011f\u0131r makineli silahlarla donat\u0131lm\u0131\u015f ara\u00e7lar\u0131n\u0131n da tahrip edildi\u011fine dikkat \u00e7ekti.<\/p>\n<p>Ordu birliklerimizin Dera Kentinin yakla\u015f\u0131k 4 km do\u011fusuna d\u00fc\u015fen Nuayme Beldesinde ter\u00f6ristlerin toplanma yerleri ve merkezlerini hedef ald\u0131klar\u0131n\u0131 belirten kaynak; bir ter\u00f6r grubunun t\u00fcm \u00fcyelerini \u00f6l\u00fc ve yaral\u0131 d\u00fc\u015f\u00fcrd\u00fcklerini s\u00f6zlerine ekledi.<\/p>\n<p>Bu arada ter\u00f6r \u00e7eteleri medya ara\u00e7lar\u0131nda Dera Beled\u2019te aralar\u0131nda tehlikeli isimlerin bulundu\u011fu bir\u00e7ok ter\u00f6ristin \u00f6ld\u00fcr\u00fcld\u00fc\u011f\u00fcn\u00fc itiraf etti.<\/p>\n<p><span style=\"color: #0000ff\">DEYREZZOR:<\/span><\/p>\n<p>Saha kaynaklar\u0131 SANA\u2019ya a\u00e7\u0131klamalar\u0131nda; ordu birliklerimizin Deyrezzor Kenti Ra\u015fidiye, Huvayka, Hamidiye ve Rasafe semtlerine ilaveten Eski Havaliman\u0131 ve Fabrikalar Bulvar\u0131nda I\u015e\u0130D ter\u00f6r \u00f6rg\u00fct\u00fcne tabi siper ve hareketlenmelerini hedef almalar\u0131yla tekfircilerin saflar\u0131nda a\u011f\u0131r kay\u0131plara yol a\u00e7t\u0131klar\u0131n\u0131 aktard\u0131.<\/p>\n<p>Deyrezzor k\u0131rsal\u0131n\u0131n do\u011fusunda da ordu birliklerimizin Mureyiye K\u00f6y\u00fcnde I\u015e\u0130D\u2019in toplanma yerlerini imha ettiklerini s\u00f6yleyen kaynaklar; yine ter\u00f6ristleri say\u0131 ve te\u00e7hizatlar\u0131yla b\u00fcy\u00fck kay\u0131plara u\u011fratt\u0131klar\u0131n\u0131 a\u00e7\u0131klad\u0131.<\/p>\n<p><span style=\"color: #0000ff\">HALEP:<\/span><\/p>\n<p>SANA\u2019ya a\u00e7\u0131klama yapan askeri kaynak Halep ve k\u0131rsal\u0131nda T\u00fcrkiye\u2019deki Erdo\u011fan rejiminin her t\u00fcrl\u00fc deste\u011fi temin edip y\u00f6nlendirdi\u011fi tekfirci ve hain ter\u00f6ristlere y\u00f6nelik ba\u015far\u0131lar\u0131n devam etti\u011fini ifade ederken, ordu birliklerimizin il k\u0131rsal\u0131n\u0131n kuzeyi Tamura K\u00f6y\u00fcn\u00fc bu \u00e7etelerden temizleyerek kontrol\u00fc ellerine ge\u00e7irdiklerini belirtti.<\/p>\n<p>Kaynak; ordu birliklerimize tabi bomba imha ekiplerinin arama tarama operasyonlar\u0131nda k\u00f6yde \u00f6zel ve kamu m\u00fclklere yerle\u015ftirilen may\u0131n ve bubi tuzaklar\u0131n\u0131 etkisizle\u015ftirdiklerini aktard\u0131.<\/p>\n<p>Di\u011fer yandan saha kaynaklar\u0131; ordu birliklerimizin Halep k\u0131rsal\u0131n\u0131n kuzeyi Leyramun B\u00f6lgesindeki Abd Rabbu Tepesinde ter\u00f6ristlere ait bir arac\u0131 y\u00fck\u00fcyle birlikte imha etmelerine ek olarak il k\u0131rsal\u0131n\u0131n g\u00fcneyi Hadiyye Tepesinin \u00e7evresinde tekfircilerden bir\u00e7ok ter\u00f6risti \u00f6ld\u00fcrd\u00fcklerine dikkat \u00e7ekti.<\/p>\n<p>Bu arada ter\u00f6r \u00e7eteleri medya ara\u00e7lar\u0131nda \u2018Fecir el \u015eam \u0130slami Hareketi\u2019nin s\u00f6zde bir askeri komutan\u0131 olarak adland\u0131rd\u0131klar\u0131 Nemir el \u015e\u00fckri\u2019nin yan\u0131 s\u0131ra bir di\u011fer ter\u00f6r eleba\u015f\u0131 Zekeriya Urfal\u0131\u2019n\u0131n aralar\u0131nda bulundu\u011fu bir\u00e7ok ter\u00f6ristin \u00f6ld\u00fcr\u00fcld\u00fc\u011f\u00fcn\u00fc itiraf etti.<\/p>\n<p>G\u00fcn\u00fcn ilerleyen saatlerinde a\u00e7\u0131klama yapan bir kaynak; vatan koruyucular\u0131 ordu birliklerimizin Halep k\u0131rsal\u0131n\u0131n do\u011fusunda I\u015e\u0130D tekfircilerini say\u0131 ve ekipmanlar\u0131yla ciddi kay\u0131plara u\u011fratmalar\u0131 ard\u0131ndan Cub el Kelb K\u00f6y\u00fc ve ahalisinin g\u00fcvenli\u011fini kontrollerine ge\u00e7irdiklerini belirtti.<\/p>\n<p>https:\/\/www.youtube.com\/watch?v=1EaZ-3dwdsw<\/p>\n<p><span style=\"color: #0000ff\">LAZK\u0130YE:<\/span><\/p>\n<p>Ak\u015fam saatlerinde a\u00e7\u0131klama yapan askeri kaynak; ordu birliklerimizin Halk Savunma G\u00fc\u00e7leriyle i\u015fbirli\u011fi i\u00e7inde Lazkiye k\u0131rsal\u0131n\u0131n kuzeyinde ihvanc\u0131 Erdo\u011fan \u00e7etelerine y\u00f6nelik ba\u015far\u0131l\u0131 operasyonlar\u0131nda Handak el Blat Tepesi, Cerd el \u015euvk Tepesi, Hr\u0131yket S\u00fcleyman Tepesi, Cebel el S\u00fcveydiye, Kt\u0131ylbe Havke Tepesi ve Kefarte K\u00f6y\u00fcn\u00fc bu \u00e7etelerden temizleyerek kontrollerine ge\u00e7irdiklerini aktard\u0131.<\/p>\n<p>M.M. &#8211; R.H.<\/p>\n","protected":false},"excerpt":{"rendered":"<p>\u0130LLER \u2013 Kahraman ordu birliklerimiz; eli kanl\u0131 ter\u00f6ristleri kendi cehennemlerine hapsederek bu vatan topraklar\u0131nda karde\u015f\u00e7e bar\u0131\u015f ve huzur i\u00e7inde ya\u015famak isteyen vatanda\u015flar\u0131m\u0131z\u0131n ya\u015fam alanlar\u0131n\u0131 temizlemeye devam ediyorlar. HAMA: SANA\u2019ya a\u00e7\u0131klama yapan askeri bir kaynak; ordu birliklerimizin Hama k\u0131rsal\u0131n\u0131n g\u00fcneydo\u011fusu Selemiye\u2019nin Sathiyat B\u00f6lgesi ile Rmeyle K\u00f6y\u00fc aras\u0131ndaki alanda \u0130\u015eID ter\u00f6ristlerle \u015fiddetli \u00e7at\u0131\u015fmalara girdiklerini aktard\u0131. Kaynak ordu &hellip;<\/p>\n","protected":false},"author":1,"featured_media":61227,"comment_status":"closed","ping_status":"closed","sticky":false,"template":"","format":"standard","meta":{"footnotes":""},"categories":[575],"tags":[19200],"class_list":["post-61226","post","type-post","status-publish","format-standard","has-post-thumbnail","","category-olaylar-ve-gercekler","tag-terore-karsi-mucadelede-basarilar-gunden-gune-buyuyor"],"_links":{"self":[{"href":"https:\/\/archive.sana.sy\/tr\/index.php?rest_route=\/wp\/v2\/posts\/61226","targetHints":{"allow":["GET"]}}],"collection":[{"href":"https:\/\/archive.sana.sy\/tr\/index.php?rest_route=\/wp\/v2\/posts"}],"about":[{"href":"https:\/\/archive.sana.sy\/tr\/index.php?rest_route=\/wp\/v2\/types\/post"}],"author":[{"embeddable":true,"href":"https:\/\/archive.sana.sy\/tr\/index.php?rest_route=\/wp\/v2\/users\/1"}],"replies":[{"embeddable":true,"href":"https:\/\/archive.sana.sy\/tr\/index.php?rest_route=%2Fwp%2Fv2%2Fcomments&post=61226"}],"version-history":[{"count":0,"href":"https:\/\/archive.sana.sy\/tr\/index.php?rest_route=\/wp\/v2\/posts\/61226\/revisions"}],"wp:featuredmedia":[{"embeddable":true,"href":"https:\/\/archive.sana.sy\/tr\/index.php?rest_route=\/wp\/v2\/media\/61227"}],"wp:attachment":[{"href":"https:\/\/archive.sana.sy\/tr\/index.php?rest_route=%2Fwp%2Fv2%2Fmedia&parent=61226"}],"wp:term":[{"taxonomy":"category","embeddable":true,"href":"https:\/\/archive.sana.sy\/tr\/index.php?rest_route=%2Fwp%2Fv2%2Fcategories&post=61226"},{"taxonomy":"post_tag","embeddable":true,"href":"https:\/\/archive.sana.sy\/tr\/index.php?rest_route=%2Fwp%2Fv2%2Ftags&post=61226"}],"curies":[{"name":"wp","href":"https:\/\/api.w.org\/{rel}","templated":true}]}}