{"id":61229,"date":"2016-02-13T18:33:11","date_gmt":"2016-02-13T16:33:11","guid":{"rendered":"http:\/\/www.sana.sy\/tr\/?p=61229"},"modified":"2016-02-15T11:33:37","modified_gmt":"2016-02-15T09:33:37","slug":"gelisiguzel-saldirilarinda-2-cocuk-sehit-dustu","status":"publish","type":"post","link":"https:\/\/archive.sana.sy\/tr\/?p=61229","title":{"rendered":"Geli\u015fig\u00fczel Sald\u0131r\u0131lar\u0131nda 2 \u00c7ocuk \u015eehit D\u00fc\u015ft\u00fc"},"content":{"rendered":"<p>\u0130LLER \u2013 T\u00fcrkiye&#8217;de Erdo\u011fan rejimi ve daha ba\u015fka devletlerin destek ve y\u00f6nlendirmelerinde faaliyet g\u00f6steren ter\u00f6ristler sivil b\u00f6lgelere geli\u015fig\u00fczel sald\u0131r\u0131lar\u0131n\u0131 s\u00fcrd\u00fcrd\u00fc.<\/p>\n<p>Halep Emniyet M\u00fcd\u00fcrl\u00fc\u011f\u00fcnde bir kaynak; Halep k\u0131rsal\u0131 Sbiyhe K\u00f6y\u00fcnde siperlenen ter\u00f6ristlerin f\u0131rlatt\u0131\u011f\u0131 12 roketin Sfeyre Kentindeki yerle\u015fim semtlerine d\u00fc\u015fmeleri sonucunda 2 \u00e7ocu\u011funun \u015fehit, 5 vatanda\u015f\u0131n da yaral\u0131 d\u00fc\u015ft\u00fc\u011f\u00fcn\u00fc; \u00f6zel ve kamu m\u00fclklerde b\u00fcy\u00fck maddi hasar\u0131n olu\u015ftu\u011funu ifade etti.<\/p>\n<p><span style=\"color: #0000ff\">DERA:<\/span><\/p>\n<p>Di\u011fer yandan \u0130srail destekli ter\u00f6r \u00e7etelerin Dera Kenti Dahiye ve Sahari yerle\u015fim semtlerini havan ve f\u00fczelerle hedef almalar\u0131 sonucunda savunmas\u0131z vatanda\u015flardan 3 ki\u015fi yaraland\u0131.<br \/>\nDera Sa\u011fl\u0131k M\u00fcd\u00fcr\u00fc Abdulvedud el Homsi SANA muhabirine a\u00e7\u0131klamas\u0131nda; yaralanan 3 vatanda\u015f\u0131n ambulanslarla Dera Devlet Hastanesine kald\u0131r\u0131ld\u0131klar\u0131n\u0131 belirtti.<\/p>\n<p>Bu arada Dera Valili\u011finde bir kaynak; hain ve gaddar sald\u0131r\u0131lar sonucunda ayr\u0131ca 2 binada yang\u0131n \u00e7\u0131kt\u0131\u011f\u0131n\u0131 belirtirken, itfaiye ekiplerinin yang\u0131n\u0131 s\u00f6nd\u00fcrd\u00fcklerini s\u00f6yledi.<\/p>\n<p>M.M.<\/p>\n","protected":false},"excerpt":{"rendered":"<p>\u0130LLER \u2013 T\u00fcrkiye&#8217;de Erdo\u011fan rejimi ve daha ba\u015fka devletlerin destek ve y\u00f6nlendirmelerinde faaliyet g\u00f6steren ter\u00f6ristler sivil b\u00f6lgelere geli\u015fig\u00fczel sald\u0131r\u0131lar\u0131n\u0131 s\u00fcrd\u00fcrd\u00fc. Halep Emniyet M\u00fcd\u00fcrl\u00fc\u011f\u00fcnde bir kaynak; Halep k\u0131rsal\u0131 Sbiyhe K\u00f6y\u00fcnde siperlenen ter\u00f6ristlerin f\u0131rlatt\u0131\u011f\u0131 12 roketin Sfeyre Kentindeki yerle\u015fim semtlerine d\u00fc\u015fmeleri sonucunda 2 \u00e7ocu\u011funun \u015fehit, 5 vatanda\u015f\u0131n da yaral\u0131 d\u00fc\u015ft\u00fc\u011f\u00fcn\u00fc; \u00f6zel ve kamu m\u00fclklerde b\u00fcy\u00fck maddi hasar\u0131n &hellip;<\/p>\n","protected":false},"author":1,"featured_media":61236,"comment_status":"closed","ping_status":"closed","sticky":false,"template":"","format":"standard","meta":{"footnotes":""},"categories":[575,17988],"tags":[],"class_list":["post-61229","post","type-post","status-publish","format-standard","has-post-thumbnail","","category-olaylar-ve-gercekler","category-son-haberler"],"_links":{"self":[{"href":"https:\/\/archive.sana.sy\/tr\/index.php?rest_route=\/wp\/v2\/posts\/61229","targetHints":{"allow":["GET"]}}],"collection":[{"href":"https:\/\/archive.sana.sy\/tr\/index.php?rest_route=\/wp\/v2\/posts"}],"about":[{"href":"https:\/\/archive.sana.sy\/tr\/index.php?rest_route=\/wp\/v2\/types\/post"}],"author":[{"embeddable":true,"href":"https:\/\/archive.sana.sy\/tr\/index.php?rest_route=\/wp\/v2\/users\/1"}],"replies":[{"embeddable":true,"href":"https:\/\/archive.sana.sy\/tr\/index.php?rest_route=%2Fwp%2Fv2%2Fcomments&post=61229"}],"version-history":[{"count":0,"href":"https:\/\/archive.sana.sy\/tr\/index.php?rest_route=\/wp\/v2\/posts\/61229\/revisions"}],"wp:featuredmedia":[{"embeddable":true,"href":"https:\/\/archive.sana.sy\/tr\/index.php?rest_route=\/wp\/v2\/media\/61236"}],"wp:attachment":[{"href":"https:\/\/archive.sana.sy\/tr\/index.php?rest_route=%2Fwp%2Fv2%2Fmedia&parent=61229"}],"wp:term":[{"taxonomy":"category","embeddable":true,"href":"https:\/\/archive.sana.sy\/tr\/index.php?rest_route=%2Fwp%2Fv2%2Fcategories&post=61229"},{"taxonomy":"post_tag","embeddable":true,"href":"https:\/\/archive.sana.sy\/tr\/index.php?rest_route=%2Fwp%2Fv2%2Ftags&post=61229"}],"curies":[{"name":"wp","href":"https:\/\/api.w.org\/{rel}","templated":true}]}}