{"id":61232,"date":"2016-02-13T17:34:41","date_gmt":"2016-02-13T15:34:41","guid":{"rendered":"http:\/\/www.sana.sy\/tr\/?p=61232"},"modified":"2016-02-15T11:37:05","modified_gmt":"2016-02-15T09:37:05","slug":"dumaya-tibbi-yardim-konvoyu-gecirildi","status":"publish","type":"post","link":"https:\/\/archive.sana.sy\/tr\/?p=61232","title":{"rendered":"Duma\u2019ya T\u0131bbi Yard\u0131m Konvoyu Ge\u00e7irildi(video)"},"content":{"rendered":"<p>\u015eAM KIRSALI \u2013 Suriye K\u0131z\u0131lay \u00d6rg\u00fct\u00fc bug\u00fcn \u015eam k\u0131rsal\u0131n\u0131n Duma Kentinde \u2018Suudi Arabistan\u2019\u0131n finans ve talimatlar\u0131yla faaliyet g\u00f6steren \u2018\u0130slam Ordusu\u2019 tekfircilerinin canl\u0131 kalkan olarak kulland\u0131klar\u0131 sivil vatanda\u015flara t\u0131bbi yard\u0131m ta\u015f\u0131yan bir konvoy ge\u00e7irdi.<\/p>\n<p><a href=\"http:\/\/www.sana.sy\/tr\/wp-content\/uploads\/2016\/02\/K\u0131z\u0131lay.jpg\"><img loading=\"lazy\" decoding=\"async\" class=\"alignright wp-image-61234 size-medium\" src=\"http:\/\/www.sana.sy\/tr\/wp-content\/uploads\/2016\/02\/K\u0131z\u0131lay-300x201.jpg\" alt=\"K\u0131z\u0131lay\" width=\"300\" height=\"201\" srcset=\"https:\/\/archive.sana.sy\/tr\/wp-content\/uploads\/2016\/02\/K\u0131z\u0131lay-300x201.jpg 300w, https:\/\/archive.sana.sy\/tr\/wp-content\/uploads\/2016\/02\/K\u0131z\u0131lay-150x100.jpg 150w, https:\/\/archive.sana.sy\/tr\/wp-content\/uploads\/2016\/02\/K\u0131z\u0131lay-768x514.jpg 768w, https:\/\/archive.sana.sy\/tr\/wp-content\/uploads\/2016\/02\/K\u0131z\u0131lay-1024x685.jpg 1024w, https:\/\/archive.sana.sy\/tr\/wp-content\/uploads\/2016\/02\/K\u0131z\u0131lay-110x75.jpg 110w\" sizes=\"auto, (max-width: 300px) 100vw, 300px\" \/><\/a>K\u0131z\u0131lay \u00d6rg\u00fct\u00fc yetkililerinden Hazim Bakla ge\u00e7irilen t\u0131bbi yard\u0131m malzemeleri aras\u0131nda 5400 kutu \u00e7ocuk s\u00fct\u00fc, diyabet hastalar\u0131 i\u00e7in ens\u00fclin ve 250 diyaliz ameliyat\u0131 i\u00e7in yetecek t\u0131bbi malzemelerin yan\u0131 s\u0131ra muhtelif kronik hastalar i\u00e7in ila\u00e7lar bulundu\u011funu a\u00e7\u0131klad\u0131. Bakla ge\u00e7irilen yard\u0131mlar\u0131 iki \u00fc\u00e7 ayda bir olarak Duma halk\u0131na g\u00f6nderilen insani yard\u0131mlar\u0131n sadece bir b\u00f6l\u00fcm\u00fcnden ibaret oldu\u011funu ifade etti.<\/p>\n<p>https:\/\/www.youtube.com\/watch?v=qS4iLk0HDQQ<\/p>\n<p>R.H.<\/p>\n","protected":false},"excerpt":{"rendered":"<p>\u015eAM KIRSALI \u2013 Suriye K\u0131z\u0131lay \u00d6rg\u00fct\u00fc bug\u00fcn \u015eam k\u0131rsal\u0131n\u0131n Duma Kentinde \u2018Suudi Arabistan\u2019\u0131n finans ve talimatlar\u0131yla faaliyet g\u00f6steren \u2018\u0130slam Ordusu\u2019 tekfircilerinin canl\u0131 kalkan olarak kulland\u0131klar\u0131 sivil vatanda\u015flara t\u0131bbi yard\u0131m ta\u015f\u0131yan bir konvoy ge\u00e7irdi. K\u0131z\u0131lay \u00d6rg\u00fct\u00fc yetkililerinden Hazim Bakla ge\u00e7irilen t\u0131bbi yard\u0131m malzemeleri aras\u0131nda 5400 kutu \u00e7ocuk s\u00fct\u00fc, diyabet hastalar\u0131 i\u00e7in ens\u00fclin ve 250 diyaliz ameliyat\u0131 &hellip;<\/p>\n","protected":false},"author":1,"featured_media":61233,"comment_status":"closed","ping_status":"closed","sticky":false,"template":"","format":"standard","meta":{"footnotes":""},"categories":[479,575,17988,478],"tags":[],"class_list":["post-61232","post","type-post","status-publish","format-standard","has-post-thumbnail","","category-haberler-yerel","category-olaylar-ve-gercekler","category-son-haberler","category-yerel"],"_links":{"self":[{"href":"https:\/\/archive.sana.sy\/tr\/index.php?rest_route=\/wp\/v2\/posts\/61232","targetHints":{"allow":["GET"]}}],"collection":[{"href":"https:\/\/archive.sana.sy\/tr\/index.php?rest_route=\/wp\/v2\/posts"}],"about":[{"href":"https:\/\/archive.sana.sy\/tr\/index.php?rest_route=\/wp\/v2\/types\/post"}],"author":[{"embeddable":true,"href":"https:\/\/archive.sana.sy\/tr\/index.php?rest_route=\/wp\/v2\/users\/1"}],"replies":[{"embeddable":true,"href":"https:\/\/archive.sana.sy\/tr\/index.php?rest_route=%2Fwp%2Fv2%2Fcomments&post=61232"}],"version-history":[{"count":0,"href":"https:\/\/archive.sana.sy\/tr\/index.php?rest_route=\/wp\/v2\/posts\/61232\/revisions"}],"wp:featuredmedia":[{"embeddable":true,"href":"https:\/\/archive.sana.sy\/tr\/index.php?rest_route=\/wp\/v2\/media\/61233"}],"wp:attachment":[{"href":"https:\/\/archive.sana.sy\/tr\/index.php?rest_route=%2Fwp%2Fv2%2Fmedia&parent=61232"}],"wp:term":[{"taxonomy":"category","embeddable":true,"href":"https:\/\/archive.sana.sy\/tr\/index.php?rest_route=%2Fwp%2Fv2%2Fcategories&post=61232"},{"taxonomy":"post_tag","embeddable":true,"href":"https:\/\/archive.sana.sy\/tr\/index.php?rest_route=%2Fwp%2Fv2%2Ftags&post=61232"}],"curies":[{"name":"wp","href":"https:\/\/api.w.org\/{rel}","templated":true}]}}