{"id":61276,"date":"2016-02-14T08:00:04","date_gmt":"2016-02-14T06:00:04","guid":{"rendered":"http:\/\/www.sana.sy\/tr\/?p=61276"},"modified":"2016-02-15T11:31:07","modified_gmt":"2016-02-15T09:31:07","slug":"61276","status":"publish","type":"post","link":"https:\/\/archive.sana.sy\/tr\/?p=61276","title":{"rendered":"Erdo\u011fan Ordusu Suriye Topraklar\u0131na Sald\u0131rd\u0131"},"content":{"rendered":"<p>\u0130LLER \u2013 Suriye ve halk\u0131na y\u00f6nelik s\u00fcregelen d\u00fc\u015fmanc\u0131 tutum ve sald\u0131r\u0131lar\u0131n\u0131n yan\u0131 s\u0131ra uluslar aras\u0131 kanun ve kararlara ihlalleri, d\u00fcnyan\u0131n muhtelif devletlerinden toplad\u0131\u011f\u0131 tekfirci ve kiral\u0131k ter\u00f6ristlere deste\u011fi kapsam\u0131nda T\u00fcrkiye&#8217;de Erdo\u011fan rejimine tabi g\u00fc\u00e7ler d\u00fcn Lazkiye k\u0131rsal\u0131n\u0131n kuzeydo\u011fusu Aliye Da\u011flar\u0131na a\u011f\u0131r toplarla sald\u0131rd\u0131.<\/p>\n<p><span style=\"color: #0000ff\">LAZK\u0130YE:<\/span><\/p>\n<p>Yerel kaynaklar SANA\u2019ya a\u00e7\u0131klamalar\u0131nda; Erdo\u011fan rejiminin Kaide \u00d6rg\u00fct\u00fcn\u00fcn Suriye kolu Nusra Cephesi, I\u015e\u0130D ve daha ba\u015fka isimler alt\u0131ndaki tekfirci ve hain ter\u00f6r \u00f6rg\u00fctlerin ge\u00e7it ve karargahlar\u0131na d\u00f6n\u00fc\u015ft\u00fcrd\u00fc\u011f\u00fc s\u0131n\u0131r b\u00f6lgesinden Aliye da\u011flar\u0131na 5 top mermisinin d\u00fc\u015ft\u00fc\u011f\u00fcn\u00fc ifade etti.<\/p>\n<p>Bu arada saha kaynaklar\u0131 ordu birliklerimizin Lazkiye k\u0131rsal\u0131nda Erdo\u011fan ve Al Suud rejimlerinin her t\u00fcrl\u00fc deste\u011fi temin edip y\u00f6nlendirdikleri ter\u00f6ristleri say\u0131 ve ara\u00e7lar\u0131yla ciddi kay\u0131plara u\u011fratmalar\u0131 ard\u0131ndan y\u00fczlercesinin s\u0131n\u0131rlara do\u011fru ka\u00e7t\u0131klar\u0131n\u0131 aktard\u0131. Kaynaklar ordu birliklerimizin s\u0131n\u0131ra yak\u0131n Kensabba Nahiyesi yak\u0131nlar\u0131na ek olarak \u0130dlib iline tabi Cisre\u015f\u015fu\u011fur b\u00f6lgesinde \u00e7ok say\u0131da stratejik nokta ve tepeyi kontrollerine ge\u00e7irdiklerini belirtti.<\/p>\n<p><span style=\"color: #0000ff\">HALEP:<\/span><\/p>\n<p>Di\u011fer yandan Halep k\u0131rsal\u0131nda yerel kaynaklar; Erdo\u011fan ordusunun Halep k\u0131rsal\u0131n\u0131n kuzeyinde tekfirci ve kiral\u0131k ter\u00f6ristlerin ordu birliklerimiz ve destek\u00e7i g\u00fc\u00e7lerin a\u011f\u0131r darbelerinden s\u0131n\u0131ra ka\u00e7malar\u0131n\u0131 engellemekle birlikte morallerini y\u00fckseltme amac\u0131yla b\u00f6lgede bir dizi mevkii a\u011f\u0131r top ate\u015fine tuttuklar\u0131n\u0131 aktard\u0131.<\/p>\n<p>Ordu birliklerimiz d\u00fcn b\u00f6lgede Tamura ve Cub el Kelb k\u00f6ylerinde bulunan t\u00fcm ter\u00f6ristleri \u00f6ld\u00fcrmeleri ard\u0131ndan iki k\u00f6y ve ahalisinin g\u00fcvenli\u011fini kontrollerine ge\u00e7irdi.<\/p>\n","protected":false},"excerpt":{"rendered":"<p>\u0130LLER \u2013 Suriye ve halk\u0131na y\u00f6nelik s\u00fcregelen d\u00fc\u015fmanc\u0131 tutum ve sald\u0131r\u0131lar\u0131n\u0131n yan\u0131 s\u0131ra uluslar aras\u0131 kanun ve kararlara ihlalleri, d\u00fcnyan\u0131n muhtelif devletlerinden toplad\u0131\u011f\u0131 tekfirci ve kiral\u0131k ter\u00f6ristlere deste\u011fi kapsam\u0131nda T\u00fcrkiye&#8217;de Erdo\u011fan rejimine tabi g\u00fc\u00e7ler d\u00fcn Lazkiye k\u0131rsal\u0131n\u0131n kuzeydo\u011fusu Aliye Da\u011flar\u0131na a\u011f\u0131r toplarla sald\u0131rd\u0131. LAZK\u0130YE: Yerel kaynaklar SANA\u2019ya a\u00e7\u0131klamalar\u0131nda; Erdo\u011fan rejiminin Kaide \u00d6rg\u00fct\u00fcn\u00fcn Suriye kolu Nusra &hellip;<\/p>\n","protected":false},"author":1,"featured_media":61283,"comment_status":"closed","ping_status":"closed","sticky":false,"template":"","format":"standard","meta":{"footnotes":""},"categories":[479,575,17988,2554,2555,478],"tags":[],"class_list":["post-61276","post","type-post","status-publish","format-standard","has-post-thumbnail","","category-haberler-yerel","category-olaylar-ve-gercekler","category-son-haberler","category-suriye-ve-dunya","category-suriye-ve-turkiye","category-yerel"],"_links":{"self":[{"href":"https:\/\/archive.sana.sy\/tr\/index.php?rest_route=\/wp\/v2\/posts\/61276","targetHints":{"allow":["GET"]}}],"collection":[{"href":"https:\/\/archive.sana.sy\/tr\/index.php?rest_route=\/wp\/v2\/posts"}],"about":[{"href":"https:\/\/archive.sana.sy\/tr\/index.php?rest_route=\/wp\/v2\/types\/post"}],"author":[{"embeddable":true,"href":"https:\/\/archive.sana.sy\/tr\/index.php?rest_route=\/wp\/v2\/users\/1"}],"replies":[{"embeddable":true,"href":"https:\/\/archive.sana.sy\/tr\/index.php?rest_route=%2Fwp%2Fv2%2Fcomments&post=61276"}],"version-history":[{"count":0,"href":"https:\/\/archive.sana.sy\/tr\/index.php?rest_route=\/wp\/v2\/posts\/61276\/revisions"}],"wp:featuredmedia":[{"embeddable":true,"href":"https:\/\/archive.sana.sy\/tr\/index.php?rest_route=\/wp\/v2\/media\/61283"}],"wp:attachment":[{"href":"https:\/\/archive.sana.sy\/tr\/index.php?rest_route=%2Fwp%2Fv2%2Fmedia&parent=61276"}],"wp:term":[{"taxonomy":"category","embeddable":true,"href":"https:\/\/archive.sana.sy\/tr\/index.php?rest_route=%2Fwp%2Fv2%2Fcategories&post=61276"},{"taxonomy":"post_tag","embeddable":true,"href":"https:\/\/archive.sana.sy\/tr\/index.php?rest_route=%2Fwp%2Fv2%2Ftags&post=61276"}],"curies":[{"name":"wp","href":"https:\/\/api.w.org\/{rel}","templated":true}]}}