{"id":61286,"date":"2016-02-14T10:01:02","date_gmt":"2016-02-14T08:01:02","guid":{"rendered":"http:\/\/www.sana.sy\/tr\/?p=61286"},"modified":"2016-02-14T14:15:13","modified_gmt":"2016-02-14T12:15:13","slug":"sanaya-aciklama-yapan-askeri-bir-kaynak-ordu-birliklerimizin-homs-kirsalinin-kuzeyi-telbise-beldesinde-teroristlere-ait-5-komuta-karargahini-muhtevalariyla-birlikte-imha-etmelerine-es-zamanli","status":"publish","type":"post","link":"https:\/\/archive.sana.sy\/tr\/?p=61286","title":{"rendered":"SANA\u2019ya a\u00e7\u0131klama yapan askeri bir kaynak ordu birliklerimizin Homs k\u0131rsal\u0131n\u0131n kuzeyi Telbise Beldesinde ter\u00f6ristlere ait 5 komuta karargah\u0131n\u0131 muhtevalar\u0131yla birlikte imha etmelerine e\u015f zamanl\u0131 olarak Ayn H\u00fcseyin B\u00f6lgesinde de bir f\u00fcze rampalar\u0131 ve bir k\u0131sm\u0131 a\u011f\u0131r silahlarla donat\u0131lm\u0131\u015f bir\u00e7ok ara\u00e7lar\u0131n\u0131 y\u00fckleriyle birlikte imha ettiklerini ifade etti"},"content":{"rendered":"<p>SANA\u2019ya a\u00e7\u0131klama yapan askeri bir kaynak ordu birliklerimizin Homs k\u0131rsal\u0131n\u0131n kuzeyi Telbise Beldesinde ter\u00f6ristlere ait 5 komuta karargah\u0131n\u0131 muhtevalar\u0131yla birlikte imha etmelerine e\u015f zamanl\u0131 olarak Ayn H\u00fcseyin B\u00f6lgesinde de bir f\u00fcze rampalar\u0131 ve bir k\u0131sm\u0131 a\u011f\u0131r silahlarla donat\u0131lm\u0131\u015f bir\u00e7ok ara\u00e7lar\u0131n\u0131 y\u00fckleriyle birlikte imha ettiklerini ifade etti<\/p>\n","protected":false},"excerpt":{"rendered":"<p>SANA\u2019ya a\u00e7\u0131klama yapan askeri bir kaynak ordu birliklerimizin Homs k\u0131rsal\u0131n\u0131n kuzeyi Telbise Beldesinde ter\u00f6ristlere ait 5 komuta karargah\u0131n\u0131 muhtevalar\u0131yla birlikte imha etmelerine e\u015f zamanl\u0131 olarak Ayn H\u00fcseyin B\u00f6lgesinde de bir f\u00fcze rampalar\u0131 ve bir k\u0131sm\u0131 a\u011f\u0131r silahlarla donat\u0131lm\u0131\u015f bir\u00e7ok ara\u00e7lar\u0131n\u0131 y\u00fckleriyle birlikte imha ettiklerini ifade etti<\/p>\n","protected":false},"author":1,"featured_media":0,"comment_status":"closed","ping_status":"closed","sticky":false,"template":"","format":"standard","meta":{"footnotes":""},"categories":[17991],"tags":[],"class_list":["post-61286","post","type-post","status-publish","format-standard","","category-son-dakika"],"_links":{"self":[{"href":"https:\/\/archive.sana.sy\/tr\/index.php?rest_route=\/wp\/v2\/posts\/61286","targetHints":{"allow":["GET"]}}],"collection":[{"href":"https:\/\/archive.sana.sy\/tr\/index.php?rest_route=\/wp\/v2\/posts"}],"about":[{"href":"https:\/\/archive.sana.sy\/tr\/index.php?rest_route=\/wp\/v2\/types\/post"}],"author":[{"embeddable":true,"href":"https:\/\/archive.sana.sy\/tr\/index.php?rest_route=\/wp\/v2\/users\/1"}],"replies":[{"embeddable":true,"href":"https:\/\/archive.sana.sy\/tr\/index.php?rest_route=%2Fwp%2Fv2%2Fcomments&post=61286"}],"version-history":[{"count":0,"href":"https:\/\/archive.sana.sy\/tr\/index.php?rest_route=\/wp\/v2\/posts\/61286\/revisions"}],"wp:attachment":[{"href":"https:\/\/archive.sana.sy\/tr\/index.php?rest_route=%2Fwp%2Fv2%2Fmedia&parent=61286"}],"wp:term":[{"taxonomy":"category","embeddable":true,"href":"https:\/\/archive.sana.sy\/tr\/index.php?rest_route=%2Fwp%2Fv2%2Fcategories&post=61286"},{"taxonomy":"post_tag","embeddable":true,"href":"https:\/\/archive.sana.sy\/tr\/index.php?rest_route=%2Fwp%2Fv2%2Ftags&post=61286"}],"curies":[{"name":"wp","href":"https:\/\/api.w.org\/{rel}","templated":true}]}}