{"id":61294,"date":"2016-02-14T10:06:24","date_gmt":"2016-02-14T08:06:24","guid":{"rendered":"http:\/\/www.sana.sy\/tr\/?p=61294"},"modified":"2016-02-14T14:22:43","modified_gmt":"2016-02-14T12:22:43","slug":"hava-guclerimiz-hama-kirsalinin-rehcan-latamina-ve-kefar-nabbuda-bolgelerinde-erdogan-ve-al-suud-rejimlerinin-destekledikleri-teroristlere-ait-karargah-ve-siperleri-muhtevalariyla-imha-etti","status":"publish","type":"post","link":"https:\/\/archive.sana.sy\/tr\/?p=61294","title":{"rendered":"Hava g\u00fc\u00e7lerimiz Hama k\u0131rsal\u0131n\u0131n Rehcan, Latamina ve Kefar Nabbuda b\u00f6lgelerinde Erdo\u011fan ve Al Suud rejimlerinin destekledikleri ter\u00f6ristlere ait karargah ve siperleri muhtevalar\u0131yla imha etti."},"content":{"rendered":"<p>Hava g\u00fc\u00e7lerimiz Hama k\u0131rsal\u0131n\u0131n Rehcan, Latamina ve Kefar Nabbuda b\u00f6lgelerinde Erdo\u011fan ve Al Suud rejimlerinin destekledikleri ter\u00f6ristlere ait karargah ve siperleri muhtevalar\u0131yla imha etti.<\/p>\n","protected":false},"excerpt":{"rendered":"<p>Hava g\u00fc\u00e7lerimiz Hama k\u0131rsal\u0131n\u0131n Rehcan, Latamina ve Kefar Nabbuda b\u00f6lgelerinde Erdo\u011fan ve Al Suud rejimlerinin destekledikleri ter\u00f6ristlere ait karargah ve siperleri muhtevalar\u0131yla imha etti.<\/p>\n","protected":false},"author":1,"featured_media":0,"comment_status":"closed","ping_status":"closed","sticky":false,"template":"","format":"standard","meta":{"footnotes":""},"categories":[17991],"tags":[],"class_list":["post-61294","post","type-post","status-publish","format-standard","","category-son-dakika"],"_links":{"self":[{"href":"https:\/\/archive.sana.sy\/tr\/index.php?rest_route=\/wp\/v2\/posts\/61294","targetHints":{"allow":["GET"]}}],"collection":[{"href":"https:\/\/archive.sana.sy\/tr\/index.php?rest_route=\/wp\/v2\/posts"}],"about":[{"href":"https:\/\/archive.sana.sy\/tr\/index.php?rest_route=\/wp\/v2\/types\/post"}],"author":[{"embeddable":true,"href":"https:\/\/archive.sana.sy\/tr\/index.php?rest_route=\/wp\/v2\/users\/1"}],"replies":[{"embeddable":true,"href":"https:\/\/archive.sana.sy\/tr\/index.php?rest_route=%2Fwp%2Fv2%2Fcomments&post=61294"}],"version-history":[{"count":0,"href":"https:\/\/archive.sana.sy\/tr\/index.php?rest_route=\/wp\/v2\/posts\/61294\/revisions"}],"wp:attachment":[{"href":"https:\/\/archive.sana.sy\/tr\/index.php?rest_route=%2Fwp%2Fv2%2Fmedia&parent=61294"}],"wp:term":[{"taxonomy":"category","embeddable":true,"href":"https:\/\/archive.sana.sy\/tr\/index.php?rest_route=%2Fwp%2Fv2%2Fcategories&post=61294"},{"taxonomy":"post_tag","embeddable":true,"href":"https:\/\/archive.sana.sy\/tr\/index.php?rest_route=%2Fwp%2Fv2%2Ftags&post=61294"}],"curies":[{"name":"wp","href":"https:\/\/api.w.org\/{rel}","templated":true}]}}