{"id":61297,"date":"2016-02-14T10:40:00","date_gmt":"2016-02-14T08:40:00","guid":{"rendered":"http:\/\/www.sana.sy\/tr\/?p=61297"},"modified":"2016-02-14T14:25:17","modified_gmt":"2016-02-14T12:25:17","slug":"ordu-ve-silahli-kuvvetler-genel-komutanligi-dera-sam-kirsalinin-dogu-guta-bolgesi-ve-halep-kirsalinin-dogusunda-ahaliyi-ulusal-uzlasma-ve-normal-yasamlarina-donme-cabalarini-hizlandirmalarina-cagirdi","status":"publish","type":"post","link":"https:\/\/archive.sana.sy\/tr\/?p=61297","title":{"rendered":"Ordu ve Silahl\u0131 Kuvvetler Genel Komutanl\u0131\u011f\u0131 Dera, \u015eam k\u0131rsal\u0131n\u0131n Do\u011fu \u011euta B\u00f6lgesi ve Halep k\u0131rsal\u0131n\u0131n do\u011fusunda ahaliyi ulusal uzla\u015fma ve normal ya\u015famlar\u0131na d\u00f6nme \u00e7abalar\u0131n\u0131 h\u0131zland\u0131rmalar\u0131na \u00e7a\u011f\u0131rd\u0131"},"content":{"rendered":"<p>Ordu ve Silahl\u0131 Kuvvetler Genel Komutanl\u0131\u011f\u0131 Dera, \u015eam k\u0131rsal\u0131n\u0131n Do\u011fu \u011euta B\u00f6lgesi ve Halep k\u0131rsal\u0131n\u0131n do\u011fusunda ahaliyi ulusal uzla\u015fma ve normal ya\u015famlar\u0131na d\u00f6nme \u00e7abalar\u0131n\u0131 h\u0131zland\u0131rmalar\u0131na \u00e7a\u011f\u0131rd\u0131<\/p>\n","protected":false},"excerpt":{"rendered":"<p>Ordu ve Silahl\u0131 Kuvvetler Genel Komutanl\u0131\u011f\u0131 Dera, \u015eam k\u0131rsal\u0131n\u0131n Do\u011fu \u011euta B\u00f6lgesi ve Halep k\u0131rsal\u0131n\u0131n do\u011fusunda ahaliyi ulusal uzla\u015fma ve normal ya\u015famlar\u0131na d\u00f6nme \u00e7abalar\u0131n\u0131 h\u0131zland\u0131rmalar\u0131na \u00e7a\u011f\u0131rd\u0131<\/p>\n","protected":false},"author":1,"featured_media":0,"comment_status":"closed","ping_status":"closed","sticky":false,"template":"","format":"standard","meta":{"footnotes":""},"categories":[17991],"tags":[],"class_list":["post-61297","post","type-post","status-publish","format-standard","","category-son-dakika"],"_links":{"self":[{"href":"https:\/\/archive.sana.sy\/tr\/index.php?rest_route=\/wp\/v2\/posts\/61297","targetHints":{"allow":["GET"]}}],"collection":[{"href":"https:\/\/archive.sana.sy\/tr\/index.php?rest_route=\/wp\/v2\/posts"}],"about":[{"href":"https:\/\/archive.sana.sy\/tr\/index.php?rest_route=\/wp\/v2\/types\/post"}],"author":[{"embeddable":true,"href":"https:\/\/archive.sana.sy\/tr\/index.php?rest_route=\/wp\/v2\/users\/1"}],"replies":[{"embeddable":true,"href":"https:\/\/archive.sana.sy\/tr\/index.php?rest_route=%2Fwp%2Fv2%2Fcomments&post=61297"}],"version-history":[{"count":0,"href":"https:\/\/archive.sana.sy\/tr\/index.php?rest_route=\/wp\/v2\/posts\/61297\/revisions"}],"wp:attachment":[{"href":"https:\/\/archive.sana.sy\/tr\/index.php?rest_route=%2Fwp%2Fv2%2Fmedia&parent=61297"}],"wp:term":[{"taxonomy":"category","embeddable":true,"href":"https:\/\/archive.sana.sy\/tr\/index.php?rest_route=%2Fwp%2Fv2%2Fcategories&post=61297"},{"taxonomy":"post_tag","embeddable":true,"href":"https:\/\/archive.sana.sy\/tr\/index.php?rest_route=%2Fwp%2Fv2%2Ftags&post=61297"}],"curies":[{"name":"wp","href":"https:\/\/api.w.org\/{rel}","templated":true}]}}