{"id":61299,"date":"2016-02-14T10:49:01","date_gmt":"2016-02-14T08:49:01","guid":{"rendered":"http:\/\/www.sana.sy\/tr\/?p=61299"},"modified":"2016-02-14T14:25:45","modified_gmt":"2016-02-14T12:25:45","slug":"genel-komutanlik-soz-konusu-bolgelerde-bulunan-ahaliye-seslendigi-beyaninda-bolgelerinde-silah-tasiyanlarin-derhal-silahini-orduya-teslim-etmeleri-ve-normal-yasamlarina-donmek-icin-uzlasma-ve-af-kara","status":"publish","type":"post","link":"https:\/\/archive.sana.sy\/tr\/?p=61299","title":{"rendered":"Genel Komutanl\u0131k s\u00f6z konusu b\u00f6lgelerde bulunan ahaliye seslendi\u011fi beyan\u0131nda; b\u00f6lgelerinde silah ta\u015f\u0131yanlar\u0131n derhal silah\u0131n\u0131 orduya teslim etmeleri ve normal ya\u015famlar\u0131na d\u00f6nmek i\u00e7in uzla\u015fma ve af karar\u0131ndan faydalanmalar\u0131na \u00e7a\u011f\u0131rd\u0131"},"content":{"rendered":"<p>Genel Komutanl\u0131k s\u00f6z konusu b\u00f6lgelerde bulunan ahaliye seslendi\u011fi beyan\u0131nda; b\u00f6lgelerinde silah ta\u015f\u0131yanlar\u0131n derhal silah\u0131n\u0131 orduya teslim etmeleri ve normal ya\u015famlar\u0131na d\u00f6nmek i\u00e7in uzla\u015fma ve af karar\u0131ndan faydalanmalar\u0131na \u00e7a\u011f\u0131rd\u0131<\/p>\n","protected":false},"excerpt":{"rendered":"<p>Genel Komutanl\u0131k s\u00f6z konusu b\u00f6lgelerde bulunan ahaliye seslendi\u011fi beyan\u0131nda; b\u00f6lgelerinde silah ta\u015f\u0131yanlar\u0131n derhal silah\u0131n\u0131 orduya teslim etmeleri ve normal ya\u015famlar\u0131na d\u00f6nmek i\u00e7in uzla\u015fma ve af karar\u0131ndan faydalanmalar\u0131na \u00e7a\u011f\u0131rd\u0131<\/p>\n","protected":false},"author":1,"featured_media":0,"comment_status":"closed","ping_status":"closed","sticky":false,"template":"","format":"standard","meta":{"footnotes":""},"categories":[17991],"tags":[],"class_list":["post-61299","post","type-post","status-publish","format-standard","","category-son-dakika"],"_links":{"self":[{"href":"https:\/\/archive.sana.sy\/tr\/index.php?rest_route=\/wp\/v2\/posts\/61299","targetHints":{"allow":["GET"]}}],"collection":[{"href":"https:\/\/archive.sana.sy\/tr\/index.php?rest_route=\/wp\/v2\/posts"}],"about":[{"href":"https:\/\/archive.sana.sy\/tr\/index.php?rest_route=\/wp\/v2\/types\/post"}],"author":[{"embeddable":true,"href":"https:\/\/archive.sana.sy\/tr\/index.php?rest_route=\/wp\/v2\/users\/1"}],"replies":[{"embeddable":true,"href":"https:\/\/archive.sana.sy\/tr\/index.php?rest_route=%2Fwp%2Fv2%2Fcomments&post=61299"}],"version-history":[{"count":0,"href":"https:\/\/archive.sana.sy\/tr\/index.php?rest_route=\/wp\/v2\/posts\/61299\/revisions"}],"wp:attachment":[{"href":"https:\/\/archive.sana.sy\/tr\/index.php?rest_route=%2Fwp%2Fv2%2Fmedia&parent=61299"}],"wp:term":[{"taxonomy":"category","embeddable":true,"href":"https:\/\/archive.sana.sy\/tr\/index.php?rest_route=%2Fwp%2Fv2%2Fcategories&post=61299"},{"taxonomy":"post_tag","embeddable":true,"href":"https:\/\/archive.sana.sy\/tr\/index.php?rest_route=%2Fwp%2Fv2%2Ftags&post=61299"}],"curies":[{"name":"wp","href":"https:\/\/api.w.org\/{rel}","templated":true}]}}