{"id":61301,"date":"2016-02-14T11:02:27","date_gmt":"2016-02-14T09:02:27","guid":{"rendered":"http:\/\/www.sana.sy\/tr\/?p=61301"},"modified":"2016-02-14T14:26:39","modified_gmt":"2016-02-14T12:26:39","slug":"guvenlik-birimleri-suveyda-kirsalinin-batisinda-yerel-halkin-isbirligi-ile-teroristlere-ait-silah-ve-muhimmat-yuklu-bir-arac-yakaladi","status":"publish","type":"post","link":"https:\/\/archive.sana.sy\/tr\/?p=61301","title":{"rendered":"G\u00fcvenlik birimleri S\u00fcveyda k\u0131rsal\u0131n\u0131n bat\u0131s\u0131nda yerel halk\u0131n i\u015fbirli\u011fi ile ter\u00f6ristlere ait silah ve m\u00fchimmat y\u00fckl\u00fc bir ara\u00e7 yakalad\u0131"},"content":{"rendered":"<p>G\u00fcvenlik birimleri S\u00fcveyda k\u0131rsal\u0131n\u0131n bat\u0131s\u0131nda yerel halk\u0131n i\u015fbirli\u011fi ile ter\u00f6ristlere ait silah ve m\u00fchimmat y\u00fckl\u00fc bir ara\u00e7 yakalad\u0131<\/p>\n","protected":false},"excerpt":{"rendered":"<p>G\u00fcvenlik birimleri S\u00fcveyda k\u0131rsal\u0131n\u0131n bat\u0131s\u0131nda yerel halk\u0131n i\u015fbirli\u011fi ile ter\u00f6ristlere ait silah ve m\u00fchimmat y\u00fckl\u00fc bir ara\u00e7 yakalad\u0131<\/p>\n","protected":false},"author":1,"featured_media":0,"comment_status":"closed","ping_status":"closed","sticky":false,"template":"","format":"standard","meta":{"footnotes":""},"categories":[17991],"tags":[],"class_list":["post-61301","post","type-post","status-publish","format-standard","","category-son-dakika"],"_links":{"self":[{"href":"https:\/\/archive.sana.sy\/tr\/index.php?rest_route=\/wp\/v2\/posts\/61301","targetHints":{"allow":["GET"]}}],"collection":[{"href":"https:\/\/archive.sana.sy\/tr\/index.php?rest_route=\/wp\/v2\/posts"}],"about":[{"href":"https:\/\/archive.sana.sy\/tr\/index.php?rest_route=\/wp\/v2\/types\/post"}],"author":[{"embeddable":true,"href":"https:\/\/archive.sana.sy\/tr\/index.php?rest_route=\/wp\/v2\/users\/1"}],"replies":[{"embeddable":true,"href":"https:\/\/archive.sana.sy\/tr\/index.php?rest_route=%2Fwp%2Fv2%2Fcomments&post=61301"}],"version-history":[{"count":0,"href":"https:\/\/archive.sana.sy\/tr\/index.php?rest_route=\/wp\/v2\/posts\/61301\/revisions"}],"wp:attachment":[{"href":"https:\/\/archive.sana.sy\/tr\/index.php?rest_route=%2Fwp%2Fv2%2Fmedia&parent=61301"}],"wp:term":[{"taxonomy":"category","embeddable":true,"href":"https:\/\/archive.sana.sy\/tr\/index.php?rest_route=%2Fwp%2Fv2%2Fcategories&post=61301"},{"taxonomy":"post_tag","embeddable":true,"href":"https:\/\/archive.sana.sy\/tr\/index.php?rest_route=%2Fwp%2Fv2%2Ftags&post=61301"}],"curies":[{"name":"wp","href":"https:\/\/api.w.org\/{rel}","templated":true}]}}