{"id":61312,"date":"2016-02-14T11:13:41","date_gmt":"2016-02-14T09:13:41","guid":{"rendered":"http:\/\/www.sana.sy\/tr\/?p=61312"},"modified":"2016-02-14T14:28:59","modified_gmt":"2016-02-14T12:28:59","slug":"%ef%bb%bf%ef%bb%bfsuveyda-valiliginde-yetkili-bir-kaynak-sanaya-yaptigi-aciklamada-guvenlik-birimlerinin-yerel-halkin-verdigi-bilgiler-uzerine-baslattiklari-sorusturma-ve-takip-operasyonu-ard","status":"publish","type":"post","link":"https:\/\/archive.sana.sy\/tr\/?p=61312","title":{"rendered":"\ufeff\ufeffS\u00fcveyda Valili\u011finde yetkili bir kaynak SANA\u2019ya yapt\u0131\u011f\u0131 a\u00e7\u0131klamada g\u00fcvenlik birimlerinin yerel halk\u0131n verdi\u011fi bilgiler \u00fczerine ba\u015flatt\u0131klar\u0131 soru\u015fturma ve takip operasyonu ard\u0131ndan S\u00fcveyda k\u0131rsal\u0131n\u0131n bat\u0131s\u0131nda b\u00fcy\u00fck miktarda silah ve m\u00fchimmat y\u00fckl\u00fc bir arac\u0131 \u00e7evirdiklerini ifade etti"},"content":{"rendered":"<p><span style=\"text-decoration: underline\"><\/span>S\u00fcveyda Valili\u011finde yetkili bir kaynak SANA\u2019ya yapt\u0131\u011f\u0131 a\u00e7\u0131klamada g\u00fcvenlik birimlerinin yerel halk\u0131n verdi\u011fi bilgiler \u00fczerine ba\u015flatt\u0131klar\u0131 soru\u015fturma ve takip operasyonu ard\u0131ndan S\u00fcveyda k\u0131rsal\u0131n\u0131n bat\u0131s\u0131nda b\u00fcy\u00fck miktarda silah ve m\u00fchimmat y\u00fckl\u00fc bir arac\u0131 \u00e7evirdiklerini ifade etti<\/p>\n","protected":false},"excerpt":{"rendered":"<p>S\u00fcveyda Valili\u011finde yetkili bir kaynak SANA\u2019ya yapt\u0131\u011f\u0131 a\u00e7\u0131klamada g\u00fcvenlik birimlerinin yerel halk\u0131n verdi\u011fi bilgiler \u00fczerine ba\u015flatt\u0131klar\u0131 soru\u015fturma ve takip operasyonu ard\u0131ndan S\u00fcveyda k\u0131rsal\u0131n\u0131n bat\u0131s\u0131nda b\u00fcy\u00fck miktarda silah ve m\u00fchimmat y\u00fckl\u00fc bir arac\u0131 \u00e7evirdiklerini ifade etti<\/p>\n","protected":false},"author":1,"featured_media":0,"comment_status":"closed","ping_status":"closed","sticky":false,"template":"","format":"standard","meta":{"footnotes":""},"categories":[17991],"tags":[],"class_list":["post-61312","post","type-post","status-publish","format-standard","","category-son-dakika"],"_links":{"self":[{"href":"https:\/\/archive.sana.sy\/tr\/index.php?rest_route=\/wp\/v2\/posts\/61312","targetHints":{"allow":["GET"]}}],"collection":[{"href":"https:\/\/archive.sana.sy\/tr\/index.php?rest_route=\/wp\/v2\/posts"}],"about":[{"href":"https:\/\/archive.sana.sy\/tr\/index.php?rest_route=\/wp\/v2\/types\/post"}],"author":[{"embeddable":true,"href":"https:\/\/archive.sana.sy\/tr\/index.php?rest_route=\/wp\/v2\/users\/1"}],"replies":[{"embeddable":true,"href":"https:\/\/archive.sana.sy\/tr\/index.php?rest_route=%2Fwp%2Fv2%2Fcomments&post=61312"}],"version-history":[{"count":0,"href":"https:\/\/archive.sana.sy\/tr\/index.php?rest_route=\/wp\/v2\/posts\/61312\/revisions"}],"wp:attachment":[{"href":"https:\/\/archive.sana.sy\/tr\/index.php?rest_route=%2Fwp%2Fv2%2Fmedia&parent=61312"}],"wp:term":[{"taxonomy":"category","embeddable":true,"href":"https:\/\/archive.sana.sy\/tr\/index.php?rest_route=%2Fwp%2Fv2%2Fcategories&post=61312"},{"taxonomy":"post_tag","embeddable":true,"href":"https:\/\/archive.sana.sy\/tr\/index.php?rest_route=%2Fwp%2Fv2%2Ftags&post=61312"}],"curies":[{"name":"wp","href":"https:\/\/api.w.org\/{rel}","templated":true}]}}