{"id":61325,"date":"2016-02-14T15:26:05","date_gmt":"2016-02-14T13:26:05","guid":{"rendered":"http:\/\/www.sana.sy\/tr\/?p=61325"},"modified":"2016-02-15T15:14:25","modified_gmt":"2016-02-15T13:14:25","slug":"toplu-mezarda-cocuk-cesetleri-de-var","status":"publish","type":"post","link":"https:\/\/archive.sana.sy\/tr\/?p=61325","title":{"rendered":"Toplu Mezarda \u00c7ocuk Cesetleri de Var"},"content":{"rendered":"<p>DEYREZZOR \u2013 Deyrezzor k\u0131rsal\u0131n\u0131n do\u011fusuna d\u00fc\u015fen Mrad K\u00f6y\u00fc ahalisi bug\u00fcn sabah saatlerinde; I\u015e\u0130D tekfircilerinin vah\u015fice \u00f6ld\u00fcr\u00fcp g\u00f6md\u00fckleri onlarca insan\u0131n cesedini i\u00e7eren toplu bir mezar buldular.<\/p>\n<p>SANA\u2019ya konu\u015fan yerel kaynaklar; beldeye 7 km uzakl\u0131kta bir hendekten ibaret toplu mezarda aralar\u0131nda \u00e7ocuklar\u0131n da bulundu\u011fu 100\u2019den fazla cesedin bulundu\u011funu ifade ederken, genelinin kur\u015fun ate\u015fiyle \u00f6ld\u00fcr\u00fclm\u00fc\u015f olduklar\u0131n\u0131 s\u00f6yledi.<\/p>\n<p>Bu arada Suudi Arabistan ve T\u00fcrkiye&#8217;deki rejimlerin finans ve muhtelif t\u00fcr destekte bulunduklar\u0131 I\u015e\u0130D \u00d6rg\u00fct\u00fc daha \u00f6nce b\u00f6lgede aralar\u0131nda \u00e7ocuk ve kad\u0131nlar\u0131n bulundu\u011fu y\u00fczlerce masum insan\u0131, ta\u015falayarak, kafas\u0131n\u0131 keserek yada kur\u015funa dizerek vah\u015fice katletti.<\/p>\n","protected":false},"excerpt":{"rendered":"<p>DEYREZZOR \u2013 Deyrezzor k\u0131rsal\u0131n\u0131n do\u011fusuna d\u00fc\u015fen Mrad K\u00f6y\u00fc ahalisi bug\u00fcn sabah saatlerinde; I\u015e\u0130D tekfircilerinin vah\u015fice \u00f6ld\u00fcr\u00fcp g\u00f6md\u00fckleri onlarca insan\u0131n cesedini i\u00e7eren toplu bir mezar buldular. SANA\u2019ya konu\u015fan yerel kaynaklar; beldeye 7 km uzakl\u0131kta bir hendekten ibaret toplu mezarda aralar\u0131nda \u00e7ocuklar\u0131n da bulundu\u011fu 100\u2019den fazla cesedin bulundu\u011funu ifade ederken, genelinin kur\u015fun ate\u015fiyle \u00f6ld\u00fcr\u00fclm\u00fc\u015f olduklar\u0131n\u0131 s\u00f6yledi. Bu &hellip;<\/p>\n","protected":false},"author":1,"featured_media":61326,"comment_status":"closed","ping_status":"closed","sticky":false,"template":"","format":"standard","meta":{"footnotes":""},"categories":[479,575,17988,478],"tags":[2318,19219,19218],"class_list":["post-61325","post","type-post","status-publish","format-standard","has-post-thumbnail","","category-haberler-yerel","category-olaylar-ve-gercekler","category-son-haberler","category-yerel","tag-isid","tag-toplu-mezar","tag-toplu-mezarda-cocuk-cesetleri-de-var"],"_links":{"self":[{"href":"https:\/\/archive.sana.sy\/tr\/index.php?rest_route=\/wp\/v2\/posts\/61325","targetHints":{"allow":["GET"]}}],"collection":[{"href":"https:\/\/archive.sana.sy\/tr\/index.php?rest_route=\/wp\/v2\/posts"}],"about":[{"href":"https:\/\/archive.sana.sy\/tr\/index.php?rest_route=\/wp\/v2\/types\/post"}],"author":[{"embeddable":true,"href":"https:\/\/archive.sana.sy\/tr\/index.php?rest_route=\/wp\/v2\/users\/1"}],"replies":[{"embeddable":true,"href":"https:\/\/archive.sana.sy\/tr\/index.php?rest_route=%2Fwp%2Fv2%2Fcomments&post=61325"}],"version-history":[{"count":0,"href":"https:\/\/archive.sana.sy\/tr\/index.php?rest_route=\/wp\/v2\/posts\/61325\/revisions"}],"wp:featuredmedia":[{"embeddable":true,"href":"https:\/\/archive.sana.sy\/tr\/index.php?rest_route=\/wp\/v2\/media\/61326"}],"wp:attachment":[{"href":"https:\/\/archive.sana.sy\/tr\/index.php?rest_route=%2Fwp%2Fv2%2Fmedia&parent=61325"}],"wp:term":[{"taxonomy":"category","embeddable":true,"href":"https:\/\/archive.sana.sy\/tr\/index.php?rest_route=%2Fwp%2Fv2%2Fcategories&post=61325"},{"taxonomy":"post_tag","embeddable":true,"href":"https:\/\/archive.sana.sy\/tr\/index.php?rest_route=%2Fwp%2Fv2%2Ftags&post=61325"}],"curies":[{"name":"wp","href":"https:\/\/api.w.org\/{rel}","templated":true}]}}