{"id":61409,"date":"2016-02-15T10:16:29","date_gmt":"2016-02-15T08:16:29","guid":{"rendered":"http:\/\/www.sana.sy\/tr\/?p=61409"},"modified":"2016-02-15T14:33:41","modified_gmt":"2016-02-15T12:33:41","slug":"ordu-birliklerimizin-lazkiye-kirsalinin-kuzeyi-kensabba-ayn-el-kantara-ve-seyh-yusuf-bolgelerine-ek-olarak-maknas-tepesinde-erdogan-rejiminin-destekledigi-cokuluslu-tekfirci-ve-hain-teroristlerin-kar","status":"publish","type":"post","link":"https:\/\/archive.sana.sy\/tr\/?p=61409","title":{"rendered":"Ordu birliklerimizin Lazkiye k\u0131rsal\u0131n\u0131n kuzeyi Kensabba, Ayn el Kantara ve \u015eeyh Yusuf b\u00f6lgelerine ek olarak Maknas Tepesinde Erdo\u011fan rejiminin destekledi\u011fi \u00e7okuluslu tekfirci ve hain ter\u00f6ristlerin karargah ve ara\u00e7lar\u0131n\u0131 muhtevalar\u0131yla imha ettiklerini belirten askeri kaynak, operasyonlarda \u00e7etelerin ciddi kay\u0131plara u\u011frat\u0131ld\u0131klar\u0131n\u0131 aktard\u0131"},"content":{"rendered":"<p>Ordu birliklerimizin Lazkiye k\u0131rsal\u0131n\u0131n kuzeyi Kensabba, Ayn el Kantara ve \u015eeyh Yusuf b\u00f6lgelerine ek olarak Maknas Tepesinde Erdo\u011fan rejiminin destekledi\u011fi \u00e7okuluslu tekfirci ve hain ter\u00f6ristlerin karargah ve ara\u00e7lar\u0131n\u0131 muhtevalar\u0131yla imha ettiklerini belirten askeri kaynak, operasyonlarda \u00e7etelerin ciddi kay\u0131plara u\u011frat\u0131ld\u0131klar\u0131n\u0131 aktard\u0131<\/p>\n","protected":false},"excerpt":{"rendered":"<p>Ordu birliklerimizin Lazkiye k\u0131rsal\u0131n\u0131n kuzeyi Kensabba, Ayn el Kantara ve \u015eeyh Yusuf b\u00f6lgelerine ek olarak Maknas Tepesinde Erdo\u011fan rejiminin destekledi\u011fi \u00e7okuluslu tekfirci ve hain ter\u00f6ristlerin karargah ve ara\u00e7lar\u0131n\u0131 muhtevalar\u0131yla imha ettiklerini belirten askeri kaynak, operasyonlarda \u00e7etelerin ciddi kay\u0131plara u\u011frat\u0131ld\u0131klar\u0131n\u0131 aktard\u0131<\/p>\n","protected":false},"author":1,"featured_media":0,"comment_status":"closed","ping_status":"closed","sticky":false,"template":"","format":"standard","meta":{"footnotes":""},"categories":[17991],"tags":[],"class_list":["post-61409","post","type-post","status-publish","format-standard","","category-son-dakika"],"_links":{"self":[{"href":"https:\/\/archive.sana.sy\/tr\/index.php?rest_route=\/wp\/v2\/posts\/61409","targetHints":{"allow":["GET"]}}],"collection":[{"href":"https:\/\/archive.sana.sy\/tr\/index.php?rest_route=\/wp\/v2\/posts"}],"about":[{"href":"https:\/\/archive.sana.sy\/tr\/index.php?rest_route=\/wp\/v2\/types\/post"}],"author":[{"embeddable":true,"href":"https:\/\/archive.sana.sy\/tr\/index.php?rest_route=\/wp\/v2\/users\/1"}],"replies":[{"embeddable":true,"href":"https:\/\/archive.sana.sy\/tr\/index.php?rest_route=%2Fwp%2Fv2%2Fcomments&post=61409"}],"version-history":[{"count":0,"href":"https:\/\/archive.sana.sy\/tr\/index.php?rest_route=\/wp\/v2\/posts\/61409\/revisions"}],"wp:attachment":[{"href":"https:\/\/archive.sana.sy\/tr\/index.php?rest_route=%2Fwp%2Fv2%2Fmedia&parent=61409"}],"wp:term":[{"taxonomy":"category","embeddable":true,"href":"https:\/\/archive.sana.sy\/tr\/index.php?rest_route=%2Fwp%2Fv2%2Fcategories&post=61409"},{"taxonomy":"post_tag","embeddable":true,"href":"https:\/\/archive.sana.sy\/tr\/index.php?rest_route=%2Fwp%2Fv2%2Ftags&post=61409"}],"curies":[{"name":"wp","href":"https:\/\/api.w.org\/{rel}","templated":true}]}}