{"id":61411,"date":"2016-02-15T10:22:19","date_gmt":"2016-02-15T08:22:19","guid":{"rendered":"http:\/\/www.sana.sy\/tr\/?p=61411"},"modified":"2016-02-15T14:37:16","modified_gmt":"2016-02-15T12:37:16","slug":"sanaya-aciklama-yapan-askeri-kaynak-hama-ve-dilib-kirsallarinda-turkiyede-erdogan-ve-suudi-arabistanda-al-suud-rejimlerinin-her-turlu-destegi-temin-edip-komuta-ettikleri-cokuluslu","status":"publish","type":"post","link":"https:\/\/archive.sana.sy\/tr\/?p=61411","title":{"rendered":"SANA\u2019ya a\u00e7\u0131klama yapan askeri kaynak Hama ve Dilib k\u0131rsallar\u0131nda T\u00fcrkiye&#8217;de Erdo\u011fan ve Suudi Arabistan\u2019da Al Suud rejimlerinin her t\u00fcrl\u00fc deste\u011fi temin edip komuta ettikleri \u00e7okuluslu tekfirci ve kiral\u0131k ter\u00f6r \u00e7etelerinden ibaret \u2018Fetih Ordusu\u2019nun Ukeyrbat, Cena el Ulbavi, Ebu el Duhur ve Kefar Uveyd b\u00f6lgelerinde karargah ve ara\u00e7lar\u0131n\u0131 muhtevalar\u0131yla imha ettiklerini s\u00f6yledi"},"content":{"rendered":"<p>SANA\u2019ya a\u00e7\u0131klama yapan askeri kaynak Hama ve Dilib k\u0131rsallar\u0131nda T\u00fcrkiye&#8217;de Erdo\u011fan ve Suudi Arabistan\u2019da Al Suud rejimlerinin her t\u00fcrl\u00fc deste\u011fi temin edip komuta ettikleri \u00e7okuluslu tekfirci ve kiral\u0131k ter\u00f6r \u00e7etelerinden ibaret \u2018Fetih Ordusu\u2019nun Ukeyrbat, Cena el Ulbavi, Ebu el Duhur ve Kefar Uveyd b\u00f6lgelerinde karargah ve ara\u00e7lar\u0131n\u0131 muhtevalar\u0131yla imha ettiklerini s\u00f6yledi<\/p>\n","protected":false},"excerpt":{"rendered":"<p>SANA\u2019ya a\u00e7\u0131klama yapan askeri kaynak Hama ve Dilib k\u0131rsallar\u0131nda T\u00fcrkiye&#8217;de Erdo\u011fan ve Suudi Arabistan\u2019da Al Suud rejimlerinin her t\u00fcrl\u00fc deste\u011fi temin edip komuta ettikleri \u00e7okuluslu tekfirci ve kiral\u0131k ter\u00f6r \u00e7etelerinden ibaret \u2018Fetih Ordusu\u2019nun Ukeyrbat, Cena el Ulbavi, Ebu el Duhur ve Kefar Uveyd b\u00f6lgelerinde karargah ve ara\u00e7lar\u0131n\u0131 muhtevalar\u0131yla imha ettiklerini s\u00f6yledi<\/p>\n","protected":false},"author":1,"featured_media":0,"comment_status":"closed","ping_status":"closed","sticky":false,"template":"","format":"standard","meta":{"footnotes":""},"categories":[17991],"tags":[],"class_list":["post-61411","post","type-post","status-publish","format-standard","","category-son-dakika"],"_links":{"self":[{"href":"https:\/\/archive.sana.sy\/tr\/index.php?rest_route=\/wp\/v2\/posts\/61411","targetHints":{"allow":["GET"]}}],"collection":[{"href":"https:\/\/archive.sana.sy\/tr\/index.php?rest_route=\/wp\/v2\/posts"}],"about":[{"href":"https:\/\/archive.sana.sy\/tr\/index.php?rest_route=\/wp\/v2\/types\/post"}],"author":[{"embeddable":true,"href":"https:\/\/archive.sana.sy\/tr\/index.php?rest_route=\/wp\/v2\/users\/1"}],"replies":[{"embeddable":true,"href":"https:\/\/archive.sana.sy\/tr\/index.php?rest_route=%2Fwp%2Fv2%2Fcomments&post=61411"}],"version-history":[{"count":0,"href":"https:\/\/archive.sana.sy\/tr\/index.php?rest_route=\/wp\/v2\/posts\/61411\/revisions"}],"wp:attachment":[{"href":"https:\/\/archive.sana.sy\/tr\/index.php?rest_route=%2Fwp%2Fv2%2Fmedia&parent=61411"}],"wp:term":[{"taxonomy":"category","embeddable":true,"href":"https:\/\/archive.sana.sy\/tr\/index.php?rest_route=%2Fwp%2Fv2%2Fcategories&post=61411"},{"taxonomy":"post_tag","embeddable":true,"href":"https:\/\/archive.sana.sy\/tr\/index.php?rest_route=%2Fwp%2Fv2%2Ftags&post=61411"}],"curies":[{"name":"wp","href":"https:\/\/api.w.org\/{rel}","templated":true}]}}